{"id":686,"date":"2016-02-05T21:00:52","date_gmt":"2016-02-05T21:00:52","guid":{"rendered":"http:\/\/villasancarlos.club\/vsc\/?p=686"},"modified":"2021-03-16T00:44:36","modified_gmt":"2021-03-16T00:44:36","slug":"la-primer-parada-de-la-nueva-ilusion-es-munro","status":"publish","type":"post","link":"https:\/\/villasancarlos.club\/vsc\/2016\/02\/la-primer-parada-de-la-nueva-ilusion-es-munro\/","title":{"rendered":"La primer parada de la nueva ilusi\u00f3n es Munro"},"content":{"rendered":"<p><strong>El celeste de Berisso vuelve a saltar a la cancha de manera oficial tras haber dejado atr\u00e1s la pretemporada y los cotejos amistosos.<\/strong><\/p>\n<p>Villa San Carlos estar\u00e1 visitando a su similar de Colegiales desde las 17:00 hs con el arbitraje de Gast\u00f3n Maineri, quien compartir\u00e1 terna con sus asistentes Mart\u00edn Alonso y Mart\u00edn Bustos.<\/p>\n<p>La \u00faltima jornada de trabajo previa al choque con el conjunto dirigido por Juan Carlos Kopriva se llev\u00f3 a cabo en estadio Genacio S\u00e1lice durante el transcurso de la ma\u00f1ana del viernes.<\/p>\n<p>Este ensayo sirvi\u00f3 para que los dirigidos por Osvaldo Ingrao repasen los \u00faltimos conceptos vinculados a la ejecuci\u00f3n de la pelota detenida, y tambi\u00e9n para buscar la mejor adaptaci\u00f3n a las dimensiones del campo de juego situado en Malaver y Posadas.<\/p>\n<p>Una vez concluida la pr\u00e1ctica, el entrenador de Villa San Carlos confirm\u00f3 el once titular que buscar\u00e1 comenzar con el pie derecho su participaci\u00f3n en el torneo de transici\u00f3n de la primera B metropolitana 2016.<\/p>\n<p>Los elegidos para saltar al c\u00e9sped del estadio \u201ctricolor\u201d ser\u00e1n: <strong>Gast\u00f3n Sessa; Francisco Di Fulvio, Federico Slezack, Emiliano C\u00f3rdoba, Mauro Raverta; Gonzalo Raverta, Emmanuel \u00c1valo Piedrabuena, Mat\u00edas Birge, Nahuel Figueredo; Pablo Miranda y Jorge Chiquilito.<\/strong><\/p>\n<p>La n\u00f3mina de futbolistas convocados se completa con: <strong>Gonzalo Paredes, Jerem\u00edas Ruiz, Ezequiel Aguimcer, Leonardo Morales, Mauro Goette, Gerardo Maciel, Alan Kardasinski y Mat\u00edas Sen.<\/strong> Uno de ellos quedar\u00e1 afuera del banco de los suplentes.<\/p>\n<p>Entre las bajas en relaci\u00f3n al equipo que jugo la mayor\u00eda de los cotejos de preparaci\u00f3n, se resalta la ausencia de Yonathan Gayoso debido a una posible pubalgia seg\u00fan lo manifestado por el propio jugador.<\/p>\n<p>Colegiales llega al compromiso de la tarde del s\u00e1bado con nuevas incorporaciones concretadas . En las \u00faltimas horas estamparon su firma los defensores Juan Pablo Lemos y Brian Medina con el agregado del arribo del mediocampista Pablo P\u00e9rez.<\/p>\n<p>El \u00faltimo antecedente entre estos dos equipos fue el 30 de mayo de 2015 por la d\u00e9cimo s\u00e9ptima fecha del torneo de la Primera B, el partido de disput\u00f3 en el estadio Libertarios Unidos y fue triunfo del local 2 a 1 sobre la \u201cVilla\u201d con goles de Mart\u00edn Lucero en dos ocaciones, mientras que Nahuel Figueredo convertir\u00eda para la visita.<\/p>\n<p><strong>HISTORIAL (Por Daniel \u00c1lvarez):<\/strong><\/p>\n<p><strong>Partidos jugados:<\/strong> 29 (Entre Primera B\u00a0 y Primera C)<\/p>\n<p><strong>Gan\u00f3 Colegiales:<\/strong> 13 (Con 41 goles)<\/p>\n<p><strong>Gan\u00f3 Villa San Carlos:<\/strong> 9 (Con 34 goles)<\/p>\n<p><strong>Empataron:<\/strong> 7<\/p>\n<p>&nbsp;<\/p>\n","protected":false},"excerpt":{"rendered":"<p>El celeste de Berisso vuelve a saltar a la cancha de manera oficial tras haber dejado atr\u00e1s la pretemporada y los cotejos amistosos. Villa San Carlos estar\u00e1 visitando a su similar de Colegiales desde las 17:00 hs con el arbitraje de Gast\u00f3n Maineri, quien compartir\u00e1 terna con sus asistentes Mart\u00edn Alonso y Mart\u00edn Bustos. La [&#8230;]\n","protected":false},"author":1,"featured_media":687,"comment_status":"open","ping_status":"open","sticky":false,"template":"","format":"standard","meta":{"footnotes":""},"categories":[4],"tags":[100,5],"class_list":["post-686","post","type-post","status-publish","format-standard","has-post-thumbnail","hentry","category-futbol-1ra-division","tag-colegiales","tag-futbol-1ra-division"],"_links":{"self":[{"href":"https:\/\/villasancarlos.club\/vsc\/wp-json\/wp\/v2\/posts\/686","targetHints":{"allow":["GET"]}}],"collection":[{"href":"https:\/\/villasancarlos.club\/vsc\/wp-json\/wp\/v2\/posts"}],"about":[{"href":"https:\/\/villasancarlos.club\/vsc\/wp-json\/wp\/v2\/types\/post"}],"author":[{"embeddable":true,"href":"https:\/\/villasancarlos.club\/vsc\/wp-json\/wp\/v2\/users\/1"}],"replies":[{"embeddable":true,"href":"https:\/\/villasancarlos.club\/vsc\/wp-json\/wp\/v2\/comments?post=686"}],"version-history":[{"count":1,"href":"https:\/\/villasancarlos.club\/vsc\/wp-json\/wp\/v2\/posts\/686\/revisions"}],"predecessor-version":[{"id":688,"href":"https:\/\/villasancarlos.club\/vsc\/wp-json\/wp\/v2\/posts\/686\/revisions\/688"}],"wp:featuredmedia":[{"embeddable":true,"href":"https:\/\/villasancarlos.club\/vsc\/wp-json\/wp\/v2\/media\/687"}],"wp:attachment":[{"href":"https:\/\/villasancarlos.club\/vsc\/wp-json\/wp\/v2\/media?parent=686"}],"wp:term":[{"taxonomy":"category","embeddable":true,"href":"https:\/\/villasancarlos.club\/vsc\/wp-json\/wp\/v2\/categories?post=686"},{"taxonomy":"post_tag","embeddable":true,"href":"https:\/\/villasancarlos.club\/vsc\/wp-json\/wp\/v2\/tags?post=686"}],"curies":[{"name":"wp","href":"https:\/\/api.w.org\/{rel}","templated":true}]}}