{"id":6267,"date":"2017-08-08T03:20:58","date_gmt":"2017-08-08T03:20:58","guid":{"rendered":"http:\/\/villasancarlos.club\/vsc\/?p=6267"},"modified":"2017-08-08T03:20:58","modified_gmt":"2017-08-08T03:20:58","slug":"comenzo-la-parte-mas-dura-con-una-nueva-cara","status":"publish","type":"post","link":"https:\/\/villasancarlos.club\/vsc\/2017\/08\/comenzo-la-parte-mas-dura-con-una-nueva-cara\/","title":{"rendered":"Comenz\u00f3 la parte mas dura con una nueva cara"},"content":{"rendered":"<p><strong>Este lunes el plantel de Villa San Carlos comenz\u00f3 con la parte m\u00e1s dura de la pretemporada, el conjunto villero trabaj\u00f3 en doble turno en el Predio de CN Sports, donde se quedar\u00e1 concentrado durante la semana. Adem\u00e1s se sum\u00f3 Maximiliano Badell, la s\u00e9ptima incorporaci\u00f3n del Club.<\/strong><\/p>\n<p>Villa San Carlos continua con la puesta a punto de cara a lo que ser\u00e1 el pr\u00f3ximo Torneo de la Primera B, donde tendr\u00e1 la necesidad de lograr un buen colch\u00f3n de puntos para evitar el descenso, es por eso que el plantel que dirige Facundo Besada comenz\u00f3 esta ma\u00f1ana con la parte mas fuerte de la pretemporada.<\/p>\n<p>El equipo entren\u00f3 en doble turno este lunes, por la ma\u00f1ana lo hizo desde las 09:00hs , donde realizaron trabajos con pelotas y gimnasio, mientras que desde las 15:30hs continuaron con los trabajos, haciendo hincapi\u00e9 en centros y definici\u00f3n para terminar con unas pasadas.<\/p>\n<p>La novedad del d\u00eda pas\u00f3 por la presencia de Maximiliano Badell, el volante ofensivo que llega desde su paso por F\u00e9nix, se sum\u00f3 al resto de sus compa\u00f1eros y se convirti\u00f3 en la s\u00e9ptima incorporaci\u00f3n del conjunto berissense.<\/p>\n<p>El trabajo para el plantel continuar\u00e1 este martes cuando vuelvan a afrontar una jornada de doble turno.<\/p>\n","protected":false},"excerpt":{"rendered":"<p>Este lunes el plantel de Villa San Carlos comenz\u00f3 con la parte m\u00e1s dura de la pretemporada, el conjunto villero trabaj\u00f3 en doble turno en el Predio de CN Sports, donde se quedar\u00e1 concentrado durante la semana. Adem\u00e1s se sum\u00f3 Maximiliano Badell, la s\u00e9ptima incorporaci\u00f3n del Club. Villa San Carlos continua con la puesta a [&#8230;]\n","protected":false},"author":1,"featured_media":6268,"comment_status":"open","ping_status":"open","sticky":false,"template":"","format":"standard","meta":{"footnotes":""},"categories":[4],"tags":[5],"class_list":["post-6267","post","type-post","status-publish","format-standard","has-post-thumbnail","hentry","category-futbol-1ra-division","tag-futbol-1ra-division"],"_links":{"self":[{"href":"https:\/\/villasancarlos.club\/vsc\/wp-json\/wp\/v2\/posts\/6267","targetHints":{"allow":["GET"]}}],"collection":[{"href":"https:\/\/villasancarlos.club\/vsc\/wp-json\/wp\/v2\/posts"}],"about":[{"href":"https:\/\/villasancarlos.club\/vsc\/wp-json\/wp\/v2\/types\/post"}],"author":[{"embeddable":true,"href":"https:\/\/villasancarlos.club\/vsc\/wp-json\/wp\/v2\/users\/1"}],"replies":[{"embeddable":true,"href":"https:\/\/villasancarlos.club\/vsc\/wp-json\/wp\/v2\/comments?post=6267"}],"version-history":[{"count":1,"href":"https:\/\/villasancarlos.club\/vsc\/wp-json\/wp\/v2\/posts\/6267\/revisions"}],"predecessor-version":[{"id":6269,"href":"https:\/\/villasancarlos.club\/vsc\/wp-json\/wp\/v2\/posts\/6267\/revisions\/6269"}],"wp:featuredmedia":[{"embeddable":true,"href":"https:\/\/villasancarlos.club\/vsc\/wp-json\/wp\/v2\/media\/6268"}],"wp:attachment":[{"href":"https:\/\/villasancarlos.club\/vsc\/wp-json\/wp\/v2\/media?parent=6267"}],"wp:term":[{"taxonomy":"category","embeddable":true,"href":"https:\/\/villasancarlos.club\/vsc\/wp-json\/wp\/v2\/categories?post=6267"},{"taxonomy":"post_tag","embeddable":true,"href":"https:\/\/villasancarlos.club\/vsc\/wp-json\/wp\/v2\/tags?post=6267"}],"curies":[{"name":"wp","href":"https:\/\/api.w.org\/{rel}","templated":true}]}}