{"id":6079,"date":"2017-07-18T02:53:20","date_gmt":"2017-07-18T02:53:20","guid":{"rendered":"http:\/\/villasancarlos.club\/vsc\/?p=6079"},"modified":"2017-07-18T03:32:55","modified_gmt":"2017-07-18T03:32:55","slug":"cayo-en-el-primer-amistoso","status":"publish","type":"post","link":"https:\/\/villasancarlos.club\/vsc\/2017\/07\/cayo-en-el-primer-amistoso\/","title":{"rendered":"Cay\u00f3 en el primer amistoso"},"content":{"rendered":"<p><strong>En la ma\u00f1ana de este lunes Villa San Carlos visit\u00f3 a Defensa y Justicia en su primer ensayo amistoso de pretemporada, el encuentro se disput\u00f3 en el Predio de Bosques que posee el conjunto de Florencio Varela y termin\u00f3 con triunfo del local por 3 a 0.<\/strong><\/p>\n<p>El conjunto villero que dirige Facundo Besada disput\u00f3 esta ma\u00f1ana su primer ensayo de car\u00e1cter amistoso ante Defensa y Justicia. El &#8220;cele&#8221; present\u00f3 un equipo alternativo entre jugadores que se encuentran a prueba y juveniles del club.<\/p>\n<p>El encuentro tuvo la duraci\u00f3n de 70 minutos, divididos en dos tiempos de 35, en el primer periodo Besada mand\u00f3 al campo a Guillermo Mercado; Rodrigo Corbal\u00e1n, Lucas Martucci, Lautaro Carsetti, Iturraspe (a prueba); Ramiro Corbal\u00e1n, Lucas Callejo, Javier Garibaldi (a prueba), Facundo Sanseverino (a prueba); Emanuel Sarati (a prueba) y Ignacio Bosio (a prueba).<\/p>\n<p>Este periodo culmin\u00f3 1 a 0 a favor del &#8220;halc\u00f3n&#8221; con el gol convertido por Mat\u00edas Sosa, luego se vendr\u00edan los restantes 35 minutos, donde ingresaron en el &#8220;cele&#8221; Joaqui\u00edn Pagano en lugar de Mercado, Nicol\u00e1s Etcheverry por Rodrigo Corbal\u00e1n, Javier Prida por Iturraspe, Axel Araujo por Callejo, Carlos Olivera (a prueba) por Sarati y Pablo Carnavalini por Bozio. Luego el DT envi\u00f3 al campo a Reo Ueta y Dylan Quiroz.<\/p>\n<p>Los restantes goles fueron convertidos por Tom\u00e1s Pochettino y Nicol\u00e1s Di Giano para sellar el 3 a 0 definitivo.<\/p>\n<p>El plantel de Villa San Carlos volver\u00e1 a entrenarse este martes desde las 09:30hs en el Predio de CN Sports, donde ya el DT podr\u00e1 contar con las presencias de los hermanos Mauro y Gonzalo Raverta, Federico Slezack y Leonardo Morales quienes renovaron su contrato por un a\u00f1o con la instituci\u00f3n, por su parte Cristi\u00e1n Campozano y Pablo Miranda no continuar\u00e1n en el club.<\/p>\n","protected":false},"excerpt":{"rendered":"<p>En la ma\u00f1ana de este lunes Villa San Carlos visit\u00f3 a Defensa y Justicia en su primer ensayo amistoso de pretemporada, el encuentro se disput\u00f3 en el Predio de Bosques que posee el conjunto de Florencio Varela y termin\u00f3 con triunfo del local por 3 a 0. El conjunto villero que dirige Facundo Besada disput\u00f3 [&#8230;]\n","protected":false},"author":1,"featured_media":6080,"comment_status":"open","ping_status":"open","sticky":false,"template":"","format":"standard","meta":{"footnotes":""},"categories":[4],"tags":[5],"class_list":["post-6079","post","type-post","status-publish","format-standard","has-post-thumbnail","hentry","category-futbol-1ra-division","tag-futbol-1ra-division"],"_links":{"self":[{"href":"https:\/\/villasancarlos.club\/vsc\/wp-json\/wp\/v2\/posts\/6079","targetHints":{"allow":["GET"]}}],"collection":[{"href":"https:\/\/villasancarlos.club\/vsc\/wp-json\/wp\/v2\/posts"}],"about":[{"href":"https:\/\/villasancarlos.club\/vsc\/wp-json\/wp\/v2\/types\/post"}],"author":[{"embeddable":true,"href":"https:\/\/villasancarlos.club\/vsc\/wp-json\/wp\/v2\/users\/1"}],"replies":[{"embeddable":true,"href":"https:\/\/villasancarlos.club\/vsc\/wp-json\/wp\/v2\/comments?post=6079"}],"version-history":[{"count":2,"href":"https:\/\/villasancarlos.club\/vsc\/wp-json\/wp\/v2\/posts\/6079\/revisions"}],"predecessor-version":[{"id":6082,"href":"https:\/\/villasancarlos.club\/vsc\/wp-json\/wp\/v2\/posts\/6079\/revisions\/6082"}],"wp:featuredmedia":[{"embeddable":true,"href":"https:\/\/villasancarlos.club\/vsc\/wp-json\/wp\/v2\/media\/6080"}],"wp:attachment":[{"href":"https:\/\/villasancarlos.club\/vsc\/wp-json\/wp\/v2\/media?parent=6079"}],"wp:term":[{"taxonomy":"category","embeddable":true,"href":"https:\/\/villasancarlos.club\/vsc\/wp-json\/wp\/v2\/categories?post=6079"},{"taxonomy":"post_tag","embeddable":true,"href":"https:\/\/villasancarlos.club\/vsc\/wp-json\/wp\/v2\/tags?post=6079"}],"curies":[{"name":"wp","href":"https:\/\/api.w.org\/{rel}","templated":true}]}}