{"id":481,"date":"2016-01-22T18:51:31","date_gmt":"2016-01-22T18:51:31","guid":{"rendered":"http:\/\/villasancarlos.club\/vsc\/?p=481"},"modified":"2016-01-30T19:49:10","modified_gmt":"2016-01-30T19:49:10","slug":"empate-en-el-segundo-amistoso-del-ano","status":"publish","type":"post","link":"https:\/\/villasancarlos.club\/vsc\/2016\/01\/empate-en-el-segundo-amistoso-del-ano\/","title":{"rendered":"Empate en el segundo amistoso del a\u00f1o"},"content":{"rendered":"<p><strong>Este viernes el plantel de Villa San Carlos se midi\u00f3 ante Talleres de Remedios de Escalada en Berisso en su segundo ensayo amistoso del a\u00f1o, fue empate 1 a 1 con gol de Mat\u00edas Birge para el local y Javier Monz\u00f3n para la visita.<\/strong><\/p>\n<p>Por la ma\u00f1ana de este viernes el plantel villero afront\u00f3 su segundo partido amistoso de pretemporada, el rival de turno fue Talleres de Remedios de Escalada dirigido por Cristian Aldirico , se jugaron en total dos encuentros en donde fueron dos empates, el primero de ellos 1 a 1 en dos tiempos de treinta minutos cada uno.<\/p>\n<p>La &#8220;Villa&#8221; solamente present\u00f3 \u00a0un cambio con respecto al equipo titular que venci\u00f3 el pasado s\u00e1bado a la reserva de San Lorenzo por 1 a 0, ingres\u00f3 en el equipo Ezequiel Aguimcer por Emiliano C\u00f3rdoba que justamente en el duelo ante los chicos del &#8220;Cicl\u00f3n&#8221; tuvo que salir por una molestia y ahora trabaja de manera diferenciada.<\/p>\n<p>El partido se abri\u00f3 con el marcador de Mat\u00edas Birge a los 20 minutos del primer tiempo , luego en el comienzo de la segunda mitad apareci\u00f3 Javier Monz\u00f3n para declarar el empate definitivo. Ingrao sigue buscando al equipo que debutar\u00e1 en el pr\u00f3ximo certamen de la Primera B visitando a Colegiales.<\/p>\n<p><strong>S\u00cdNTESIS DEL PARTIDO:\u00a0<\/strong><\/p>\n<p><strong>Villa San Carlos (1):<\/strong> Gonzalo Paredes; Gonzalo Raverta (Jerem\u00edas Ru\u00edz), Federico Slezack, Ezequiel Aguimcer (Francisco Di Fulvio), Mauro Raverta (Nahuel Figueredo); Gerardo Maciel (Francisco Ojeda), Mat\u00edas Birge, Emmanuel \u00c1valo Piedrabuena (Mauro Goette), Yonathan Gayoso; Pablo Miranda (Alan Kardasinski) y Jorge Chiquilito (Mat\u00edas Sen). DT: Osvaldo Ingrao.<\/p>\n<p><strong>Talleres (Remedios de Escalada) (1):<\/strong> Alejandro Granero; C\u00e9sar Borda, Juan Casini, Jos\u00e9 Banegas, Sebasti\u00e1n Prieto; Javier Monz\u00f3n, Mart\u00edn Civit, Juan Jaime, Marcos Gim\u00e9nez; Eduardo Ber\u00f3n y Mart\u00edn Blanco. DT: Cristian Aldirico.<\/p>\n<p><strong>Goles:<\/strong> PT: 20&#8242; Mat\u00edas Birge (VSC), ST: 3&#8242; Javier Monz\u00f3n (TRE).<\/p>\n<p><strong>Incidencias:<\/strong> Se jugaron dos tiempos de treinta minutos cada uno.<\/p>\n<p><strong>Estadio:<\/strong> Genacio S\u00e1lice (Villa San Carlos).<\/p>\n<p>&nbsp;<\/p>\n<p><strong>\u00a0 \u00a0 \u00a0 \u00a0 \u00a0 \u00a0 \u00a0 \u00a0 \u00a0 \u00a0 \u00a0 \u00a0 \u00a0 \u00a0 \u00a0 \u00a0 \u00a0 \u00a0 \u00a0 \u00a0 \u00a0 \u00a0 \u00a0 \u00a0 \u00a0 El segundo encuentro termin\u00f3 sin goles<\/strong><\/p>\n<p><strong>Luego del primer partido fue turno para los suplentes que disputaron tambi\u00e9n dos tiempos de treinta minutos, el partido terminar\u00eda igualado sin goles en un encuentro con pocas chances de gol.<\/strong><\/p>\n<p><img loading=\"lazy\" decoding=\"async\" class=\"alignnone size-full wp-image-484\" src=\"https:\/\/villasancarlos.club\/vsc\/wp-content\/uploads\/2016\/01\/FOTO-2-ENTRENAMIENTOI.jpg\" alt=\"FOTO 2 ENTRENAMIENTOI\" width=\"766\" height=\"431\" srcset=\"https:\/\/villasancarlos.club\/vsc\/wp-content\/uploads\/2016\/01\/FOTO-2-ENTRENAMIENTOI.jpg 766w, https:\/\/villasancarlos.club\/vsc\/wp-content\/uploads\/2016\/01\/FOTO-2-ENTRENAMIENTOI-300x169.jpg 300w, https:\/\/villasancarlos.club\/vsc\/wp-content\/uploads\/2016\/01\/FOTO-2-ENTRENAMIENTOI-600x338.jpg 600w, https:\/\/villasancarlos.club\/vsc\/wp-content\/uploads\/2016\/01\/FOTO-2-ENTRENAMIENTOI-260x146.jpg 260w, https:\/\/villasancarlos.club\/vsc\/wp-content\/uploads\/2016\/01\/FOTO-2-ENTRENAMIENTOI-120x67.jpg 120w\" sizes=\"auto, (max-width: 766px) 100vw, 766px\" \/><\/p>\n<p>All\u00ed Osvaldo Ingrao dispuso de varios cambios con respecto al equipo que igualo sin goles ante la reserva de San Lorenzo, en el arco reemplaz\u00f3 a Gonzalo Paredes el arquero colombiano categor\u00eda &#8217;96 Guillermo Mercado, quien se encuentra a prueba en la instituci\u00f3n, adem\u00e1s del ingres\u00f3 del juvenil Luciano Machin integrante de la reserva del club, luego ingresar\u00eda Valent\u00edn Vel\u00e1zquez otro juvenil de la reserva dirigida por Jorge San Esteban. Mientras que Talleres jug\u00f3 un tiempo con el equipo suplente y el otro tiempo pus\u00f3 a los juveniles de la reserva.<\/p>\n<p><strong>S\u00cdNTESIS DEL PARTIDO:<\/strong><\/p>\n<p><strong>Villa San Carlos (0):<\/strong> Guillermo Mercado; Jerem\u00edas Ru\u00edz, Francisco Di Fulvio (Valent\u00edn Vel\u00e1zquez), Luciano Mach\u00edn, Agust\u00edn Leguiza; Francisco Ojeda, Mauro Goette, Mariano Vizcarra, Nahuel Figueredo; Mat\u00edas Sen (Juan Cruz Tirao) y Alan Kardasinski. DT: Osvaldo Ingrao.<\/p>\n<p><strong>Talleres (Remedios de Escalada) (0): <\/strong>Lucas Zeiden (Alejandro Solito); Eloy Pereyra (Fernando Borques), Enzo Baglivo (Mart\u00edn Gregori), Luis Funes (Alejandro Raggi), Dar\u00edo Duete (Crist\u00edan Diaz); Joan Gaona (Brian R\u00edos), Alan Mareco (Alan Ochoa), Emmanuel Ib\u00e1\u00f1ez (Iv\u00e1n Boleggi), Rodrigo Malbernat (Emanuel Saporito); Ezequiel Vidal (Brianese) y Jorge M\u00e1rquez (Ezequiel Noblea). DT: Cristian Aldirico.<\/p>\n<p><strong>Goles:<\/strong> No Hubo.<\/p>\n<p><strong>Incidencias:<\/strong> Se jugaron dos tiempos de treinta minutos cada uno.<\/p>\n<p><strong>Estadio:<\/strong> Genacio S\u00e1lice (Villa San Carlos).<\/p>\n<p>&nbsp;<\/p>\n","protected":false},"excerpt":{"rendered":"<p>Este viernes el plantel de Villa San Carlos se midi\u00f3 ante Talleres de Remedios de Escalada en Berisso en su segundo ensayo amistoso del a\u00f1o, fue empate 1 a 1 con gol de Mat\u00edas Birge para el local y Javier Monz\u00f3n para la visita. Por la ma\u00f1ana de este viernes el plantel villero afront\u00f3 su [&#8230;]\n","protected":false},"author":1,"featured_media":482,"comment_status":"open","ping_status":"open","sticky":false,"template":"","format":"standard","meta":{"footnotes":""},"categories":[4],"tags":[5],"class_list":["post-481","post","type-post","status-publish","format-standard","has-post-thumbnail","hentry","category-futbol-1ra-division","tag-futbol-1ra-division"],"_links":{"self":[{"href":"https:\/\/villasancarlos.club\/vsc\/wp-json\/wp\/v2\/posts\/481","targetHints":{"allow":["GET"]}}],"collection":[{"href":"https:\/\/villasancarlos.club\/vsc\/wp-json\/wp\/v2\/posts"}],"about":[{"href":"https:\/\/villasancarlos.club\/vsc\/wp-json\/wp\/v2\/types\/post"}],"author":[{"embeddable":true,"href":"https:\/\/villasancarlos.club\/vsc\/wp-json\/wp\/v2\/users\/1"}],"replies":[{"embeddable":true,"href":"https:\/\/villasancarlos.club\/vsc\/wp-json\/wp\/v2\/comments?post=481"}],"version-history":[{"count":7,"href":"https:\/\/villasancarlos.club\/vsc\/wp-json\/wp\/v2\/posts\/481\/revisions"}],"predecessor-version":[{"id":571,"href":"https:\/\/villasancarlos.club\/vsc\/wp-json\/wp\/v2\/posts\/481\/revisions\/571"}],"wp:featuredmedia":[{"embeddable":true,"href":"https:\/\/villasancarlos.club\/vsc\/wp-json\/wp\/v2\/media\/482"}],"wp:attachment":[{"href":"https:\/\/villasancarlos.club\/vsc\/wp-json\/wp\/v2\/media?parent=481"}],"wp:term":[{"taxonomy":"category","embeddable":true,"href":"https:\/\/villasancarlos.club\/vsc\/wp-json\/wp\/v2\/categories?post=481"},{"taxonomy":"post_tag","embeddable":true,"href":"https:\/\/villasancarlos.club\/vsc\/wp-json\/wp\/v2\/tags?post=481"}],"curies":[{"name":"wp","href":"https:\/\/api.w.org\/{rel}","templated":true}]}}