{"id":3395,"date":"2016-09-24T02:46:35","date_gmt":"2016-09-24T02:46:35","guid":{"rendered":"http:\/\/villasancarlos.club\/vsc\/?p=3395"},"modified":"2016-09-24T02:46:35","modified_gmt":"2016-09-24T02:46:35","slug":"jornada-de-visitante-con-clasico-de-sub-21","status":"publish","type":"post","link":"https:\/\/villasancarlos.club\/vsc\/2016\/09\/jornada-de-visitante-con-clasico-de-sub-21\/","title":{"rendered":"Jornada de visitante con cl\u00e1sico de Sub-21"},"content":{"rendered":"<p><strong>El s\u00e1bado por la tarde, las categor\u00edas menores del \u201cCele\u201d al mando de Emiliano Grosso visitar\u00e1n en Tolosa a Sudam\u00e9rica. A las 14 hs har\u00e1n el salto inicial los infantiles, a las 15:30 hs jugar\u00e1n los cadetes, mientras que los juveniles ver\u00e1n acci\u00f3n desde las 17 hs.<\/strong><\/p>\n<p>El mismo d\u00eda pero desde las 20:30 hs, los sub-21 dirigidos por Yonathan Rodr\u00edguez disputar\u00e1n el cl\u00e1sico ante Ceye en el gimnasio de \u201cLa Bajadita\u201d. Esta fecha ser\u00e1 la \u00faltima del certamen para San Carlos debido al in\u00e9dito formato de torneo que plante\u00f3 la Asociaci\u00f3n Platense en el cual la mitad de los equipos dejan de participar en el mes de septiembre.<\/p>\n<p>El domingo por la ma\u00f1ana, las categor\u00edas formativas a cargo de Emanuel Piazzese y Antonela Otar\u00e1n visitar\u00e1n a Uni\u00f3n Vecinal \u201cB\u201d. A las 10 hs jugar\u00e1n los pre-mini, una hora mas tarde har\u00e1n lo propio los mini, mientras que los pre-infantiles cerrar\u00e1n la jornada a las 12 hs.<\/p>\n","protected":false},"excerpt":{"rendered":"<p>El s\u00e1bado por la tarde, las categor\u00edas menores del \u201cCele\u201d al mando de Emiliano Grosso visitar\u00e1n en Tolosa a Sudam\u00e9rica. A las 14 hs har\u00e1n el salto inicial los infantiles, a las 15:30 hs jugar\u00e1n los cadetes, mientras que los juveniles ver\u00e1n acci\u00f3n desde las 17 hs. El mismo d\u00eda pero desde las 20:30 hs, [&#8230;]\n","protected":false},"author":1,"featured_media":3348,"comment_status":"open","ping_status":"open","sticky":false,"template":"","format":"standard","meta":{"footnotes":""},"categories":[33],"tags":[34],"class_list":["post-3395","post","type-post","status-publish","format-standard","has-post-thumbnail","hentry","category-basquet-juvenil","tag-basquet-juvenil"],"_links":{"self":[{"href":"https:\/\/villasancarlos.club\/vsc\/wp-json\/wp\/v2\/posts\/3395","targetHints":{"allow":["GET"]}}],"collection":[{"href":"https:\/\/villasancarlos.club\/vsc\/wp-json\/wp\/v2\/posts"}],"about":[{"href":"https:\/\/villasancarlos.club\/vsc\/wp-json\/wp\/v2\/types\/post"}],"author":[{"embeddable":true,"href":"https:\/\/villasancarlos.club\/vsc\/wp-json\/wp\/v2\/users\/1"}],"replies":[{"embeddable":true,"href":"https:\/\/villasancarlos.club\/vsc\/wp-json\/wp\/v2\/comments?post=3395"}],"version-history":[{"count":1,"href":"https:\/\/villasancarlos.club\/vsc\/wp-json\/wp\/v2\/posts\/3395\/revisions"}],"predecessor-version":[{"id":3396,"href":"https:\/\/villasancarlos.club\/vsc\/wp-json\/wp\/v2\/posts\/3395\/revisions\/3396"}],"wp:featuredmedia":[{"embeddable":true,"href":"https:\/\/villasancarlos.club\/vsc\/wp-json\/wp\/v2\/media\/3348"}],"wp:attachment":[{"href":"https:\/\/villasancarlos.club\/vsc\/wp-json\/wp\/v2\/media?parent=3395"}],"wp:term":[{"taxonomy":"category","embeddable":true,"href":"https:\/\/villasancarlos.club\/vsc\/wp-json\/wp\/v2\/categories?post=3395"},{"taxonomy":"post_tag","embeddable":true,"href":"https:\/\/villasancarlos.club\/vsc\/wp-json\/wp\/v2\/tags?post=3395"}],"curies":[{"name":"wp","href":"https:\/\/api.w.org\/{rel}","templated":true}]}}