{"id":27857,"date":"2026-04-26T12:36:49","date_gmt":"2026-04-26T15:36:49","guid":{"rendered":"https:\/\/villasancarlos.club\/vsc\/?p=27857"},"modified":"2026-05-01T12:40:11","modified_gmt":"2026-05-01T15:40:11","slug":"la-villa-cayo-en-semi-y-se-despidio-de-la-copa-causa","status":"publish","type":"post","link":"https:\/\/villasancarlos.club\/vsc\/2026\/04\/la-villa-cayo-en-semi-y-se-despidio-de-la-copa-causa\/","title":{"rendered":"La &#8220;Villa&#8221; cay\u00f3 en semi y se despidi\u00f3 de la Copa Causa"},"content":{"rendered":"\r\n<p>La primera divisi\u00f3n masculina del Club Atl\u00e9tico Villa San Carlos cay\u00f3 ante Deportivo La Plata por 91 a 70. Ahora, aguarda por el inicio de la temporada regular.<\/p>\r\n<p>En su visita al microcentro de la capital de la provincia de Buenos Aires, el Club Atl\u00e9tico Villa San Carlos fue derrotado por el Deportivo La Plata por 91 a 70 y le dijo chau a la Copa Rodolfo Causa. Se trat\u00f3 de las semifinales entre el Grupo 5 y 6 del campeonato de transici\u00f3n organizado por la Asociaci\u00f3n Platense de B\u00e1squet (APdB).<\/p>\r\n<p>En concreto, los dirigidos por Juan Mendy cerraron parciales de 23 \u2013 19; 25 \u2013 18; 23 \u2013 18; y 20 \u2013 15 para el 91 \u2013 70 final a favor de los due\u00f1os de casa. El quinteto Villero tuvo en cancha a Jer\u00f3nimo Arri, con 10 puntos como m\u00e1ximo anotador; Gast\u00f3n Ludue\u00f1a con 3 tantos; Gabriel Cejas con 5 puntos; Mateo Cagliardi con 8 unidades y Pablo Marini con 6 tantos. Adem\u00e1s, vieron acci\u00f3n Imanol Szulacki; Santiago Zulberti (6pts); Patricio Lecumberry (6pts); Iv\u00e1n Buszczak (5pts); Mat\u00edas Garc\u00eda (3pts); Francisco Pocai (9pts); y Dalmiro Molina (9pts).<\/p>\r\n<p>Ahora, el Villero aguarda por el inicio de la temporada regular de la Zona B de la APdB. El debut ser\u00e1 el jueves 7 de mayo ante Platense B en condici\u00f3n de visitante.<\/p>\r\n","protected":false},"excerpt":{"rendered":"<p>La primera divisi\u00f3n masculina del Club Atl\u00e9tico Villa San Carlos cay\u00f3 ante Deportivo La Plata por 91 a 70. Ahora, aguarda por el inicio de la temporada regular. En su visita al microcentro de la capital de la provincia de Buenos Aires, el Club Atl\u00e9tico Villa San Carlos fue derrotado por el Deportivo La Plata [&#8230;]\n","protected":false},"author":1,"featured_media":27654,"comment_status":"closed","ping_status":"closed","sticky":false,"template":"","format":"standard","meta":{"footnotes":""},"categories":[3],"tags":[6],"class_list":["post-27857","post","type-post","status-publish","format-standard","has-post-thumbnail","hentry","category-basquet-1ra-division","tag-basquet"],"_links":{"self":[{"href":"https:\/\/villasancarlos.club\/vsc\/wp-json\/wp\/v2\/posts\/27857","targetHints":{"allow":["GET"]}}],"collection":[{"href":"https:\/\/villasancarlos.club\/vsc\/wp-json\/wp\/v2\/posts"}],"about":[{"href":"https:\/\/villasancarlos.club\/vsc\/wp-json\/wp\/v2\/types\/post"}],"author":[{"embeddable":true,"href":"https:\/\/villasancarlos.club\/vsc\/wp-json\/wp\/v2\/users\/1"}],"replies":[{"embeddable":true,"href":"https:\/\/villasancarlos.club\/vsc\/wp-json\/wp\/v2\/comments?post=27857"}],"version-history":[{"count":2,"href":"https:\/\/villasancarlos.club\/vsc\/wp-json\/wp\/v2\/posts\/27857\/revisions"}],"predecessor-version":[{"id":27859,"href":"https:\/\/villasancarlos.club\/vsc\/wp-json\/wp\/v2\/posts\/27857\/revisions\/27859"}],"wp:featuredmedia":[{"embeddable":true,"href":"https:\/\/villasancarlos.club\/vsc\/wp-json\/wp\/v2\/media\/27654"}],"wp:attachment":[{"href":"https:\/\/villasancarlos.club\/vsc\/wp-json\/wp\/v2\/media?parent=27857"}],"wp:term":[{"taxonomy":"category","embeddable":true,"href":"https:\/\/villasancarlos.club\/vsc\/wp-json\/wp\/v2\/categories?post=27857"},{"taxonomy":"post_tag","embeddable":true,"href":"https:\/\/villasancarlos.club\/vsc\/wp-json\/wp\/v2\/tags?post=27857"}],"curies":[{"name":"wp","href":"https:\/\/api.w.org\/{rel}","templated":true}]}}