{"id":27829,"date":"2025-10-21T00:11:29","date_gmt":"2025-10-21T03:11:29","guid":{"rendered":"https:\/\/villasancarlos.club\/vsc\/?p=27829"},"modified":"2026-04-30T00:12:00","modified_gmt":"2026-04-30T03:12:00","slug":"la-provincia-y-villa-san-carlos-unieron-lazos-en-una-campana-historica","status":"publish","type":"post","link":"https:\/\/villasancarlos.club\/vsc\/2025\/10\/la-provincia-y-villa-san-carlos-unieron-lazos-en-una-campana-historica\/","title":{"rendered":"La Provincia y Villa San Carlos unieron lazos en una campa\u00f1a hist\u00f3rica"},"content":{"rendered":"\n<h2 class=\"wp-block-heading\">En el marco del Mes de Sensibilizaci\u00f3n sobre el C\u00e1ncer de Mama, se llev\u00f3 a cabo un encuentro entre la ministra de Mujeres y Diversidad, Estela D\u00edaz, y autoridades del club de Berisso, que lanz\u00f3 una cruzada in\u00e9dita en el f\u00fatbol argentino. Adem\u00e1s, acordaron la promoci\u00f3n de espacios de trabajo conjunto como la Ley Micaela en el Deporte.<\/h2>\n\n\n\n<p>D\u00edas atr\u00e1s, el Club Atl\u00e9tico Villa San Carlos anunci\u00f3 una campa\u00f1a que reivindica el rol social de la instituci\u00f3n ante las causas nobles de la comunidad. En este sentido, en el marco del Mes de Sensibilizaci\u00f3n sobre el C\u00e1ncer de Mama, presentaron una camiseta especial para utilizar en cada encuentro de la Primera B de la Asociaci\u00f3n del F\u00fatbol Argentino (AFA) durante todo octubre.<\/p>\n\n\n\n<p>As\u00ed, en las \u00faltimas horas, la instituci\u00f3n de Berisso, presidida por<strong> Juan Manuel C\u00f3rdoba<\/strong>, y el Gobierno de la provincia de Buenos Aires que lidera Axel Kicillof, unieron lazos en la cruzada por visibilizar y concientizar sobre la patolog\u00eda que afecta a 1 de cada 8 mujeres. En concreto, la ministra de Mujeres y Diversidad, Estela D\u00edaz, recibi\u00f3 a C\u00f3rdoba y el vicepresidente del club, <strong>Eduardo \u201cTino\u201d Valente<\/strong>.<\/p>\n\n\n\n<figure class=\"wp-block-image size-full\"><img loading=\"lazy\" decoding=\"async\" width=\"856\" height=\"573\" src=\"https:\/\/villasancarlos.club\/vsc\/wp-content\/uploads\/2026\/04\/566658140_18537967198014005_615703655837447689_n.jpg\" alt=\"\" class=\"wp-image-27831\" srcset=\"https:\/\/villasancarlos.club\/vsc\/wp-content\/uploads\/2026\/04\/566658140_18537967198014005_615703655837447689_n.jpg 856w, https:\/\/villasancarlos.club\/vsc\/wp-content\/uploads\/2026\/04\/566658140_18537967198014005_615703655837447689_n-768x514.jpg 768w, https:\/\/villasancarlos.club\/vsc\/wp-content\/uploads\/2026\/04\/566658140_18537967198014005_615703655837447689_n-510x341.jpg 510w\" sizes=\"auto, (max-width: 856px) 100vw, 856px\" \/><figcaption class=\"wp-element-caption\"><strong>La Ministra recibiendo la camiseta rosa del club.<\/strong><\/figcaption><\/figure>\n\n\n\n<p><strong>\u201cConsideramos fundamental marcar posiciones en las causas justas. En tiempos que tanto la salud como los clubes son apuntados y ajustados por una planilla de Excel, sumamos nuestro apoyo para visibilizar una lucha hist\u00f3rica y que a\u00fan necesita mayor difusi\u00f3n para que la prevenci\u00f3n sea moneda corriente\u201d<\/strong>, sostuvo C\u00f3rdoba. En ese sentido, subray\u00f3: <strong>\u201cLos clubes son un espacio de activismo, encuentro, memoria e identidad para nuestras vecinas y vecinos, no nos da todo lo mismo\u201d<\/strong>.<\/p>\n\n\n\n<p>Por su parte, la ministra destac\u00f3 <strong>&#8220;el crecimiento de la conciencia social sobre la importancia de prevenir el c\u00e1ncer de mama. En ese sentido, el compromiso de instituciones que tienen un alto arraigo en la comunidad como los clubes y, en este caso, el Club Atl\u00e9tico Villa San Carlos de Berisso, son pasos fundamentales para cuidar la vida y la salud de las mujeres. Estas actitudes impactan en nuestras formas de involucrarnos en la sociedad para el cuidado de las personas.&#8221;<\/strong><\/p>\n\n\n\n<figure class=\"wp-block-image size-full\"><img loading=\"lazy\" decoding=\"async\" width=\"856\" height=\"573\" src=\"https:\/\/villasancarlos.club\/vsc\/wp-content\/uploads\/2026\/04\/568572784_18537967216014005_562861504354803849_n.jpg\" alt=\"\" class=\"wp-image-27832\" srcset=\"https:\/\/villasancarlos.club\/vsc\/wp-content\/uploads\/2026\/04\/568572784_18537967216014005_562861504354803849_n.jpg 856w, https:\/\/villasancarlos.club\/vsc\/wp-content\/uploads\/2026\/04\/568572784_18537967216014005_562861504354803849_n-768x514.jpg 768w, https:\/\/villasancarlos.club\/vsc\/wp-content\/uploads\/2026\/04\/568572784_18537967216014005_562861504354803849_n-510x341.jpg 510w\" sizes=\"auto, (max-width: 856px) 100vw, 856px\" \/><\/figure>\n\n\n\n<p>A su vez, la ministra y el Club acordaron trabajar en acciones conjuntas como la carrera \u201cAmo Mis Mamas\u201d que se desarrollar\u00e1 el pr\u00f3ximo 9 de noviembre para profundizar la concientizaci\u00f3n sobre la patolog\u00eda. Adem\u00e1s de la implementaci\u00f3n de la Ley Micaela en el Deporte y la promoci\u00f3n de espacios de trabajo conjunto entre la instituci\u00f3n y la cartera provincial.<\/p>\n\n\n\n<p>El c\u00e1ncer de mama es la patolog\u00eda oncol\u00f3gica m\u00e1s frecuente y la principal causa de muerte por c\u00e1ncer en mujeres. M\u00e1s del 75% de los diagn\u00f3sticos no cuentan con antecedentes de dicha enfermedad en su entorno familiar. Los controles peri\u00f3dicos son la principal herramienta de prevenci\u00f3n ya que los tumores detectados a tiempo tienen mayores probabilidades de curaci\u00f3n.<\/p>\n\n\n\n<p>Junto a D\u00edaz, C\u00f3rdoba y Valente estuvieron presentes en la reuni\u00f3n Lidia Fern\u00e1ndez; Subsecretaria de Pol\u00edticas Transversales de G\u00e9nero del MMyD; Pierina Colabianchi, Directora de la Regi\u00f3n Capital del MMyD; y Federico Cornet, Asesor de unidad ministra.<\/p>\n\n\n\n<p><\/p>\n","protected":false},"excerpt":{"rendered":"<p>En el marco del Mes de Sensibilizaci\u00f3n sobre el C\u00e1ncer de Mama, se llev\u00f3 a cabo un encuentro entre la ministra de Mujeres y Diversidad, Estela D\u00edaz, y autoridades del club de Berisso, que lanz\u00f3 una cruzada in\u00e9dita en el f\u00fatbol argentino. Adem\u00e1s, acordaron la promoci\u00f3n de espacios de trabajo conjunto como la Ley Micaela [&#8230;]\n","protected":false},"author":1,"featured_media":27830,"comment_status":"closed","ping_status":"","sticky":false,"template":"","format":"standard","meta":{"footnotes":""},"categories":[19,65],"tags":[20,66],"class_list":["post-27829","post","type-post","status-publish","format-standard","has-post-thumbnail","hentry","category-institucional","category-noticias","tag-institucional","tag-noticias"],"_links":{"self":[{"href":"https:\/\/villasancarlos.club\/vsc\/wp-json\/wp\/v2\/posts\/27829","targetHints":{"allow":["GET"]}}],"collection":[{"href":"https:\/\/villasancarlos.club\/vsc\/wp-json\/wp\/v2\/posts"}],"about":[{"href":"https:\/\/villasancarlos.club\/vsc\/wp-json\/wp\/v2\/types\/post"}],"author":[{"embeddable":true,"href":"https:\/\/villasancarlos.club\/vsc\/wp-json\/wp\/v2\/users\/1"}],"replies":[{"embeddable":true,"href":"https:\/\/villasancarlos.club\/vsc\/wp-json\/wp\/v2\/comments?post=27829"}],"version-history":[{"count":1,"href":"https:\/\/villasancarlos.club\/vsc\/wp-json\/wp\/v2\/posts\/27829\/revisions"}],"predecessor-version":[{"id":27833,"href":"https:\/\/villasancarlos.club\/vsc\/wp-json\/wp\/v2\/posts\/27829\/revisions\/27833"}],"wp:featuredmedia":[{"embeddable":true,"href":"https:\/\/villasancarlos.club\/vsc\/wp-json\/wp\/v2\/media\/27830"}],"wp:attachment":[{"href":"https:\/\/villasancarlos.club\/vsc\/wp-json\/wp\/v2\/media?parent=27829"}],"wp:term":[{"taxonomy":"category","embeddable":true,"href":"https:\/\/villasancarlos.club\/vsc\/wp-json\/wp\/v2\/categories?post=27829"},{"taxonomy":"post_tag","embeddable":true,"href":"https:\/\/villasancarlos.club\/vsc\/wp-json\/wp\/v2\/tags?post=27829"}],"curies":[{"name":"wp","href":"https:\/\/api.w.org\/{rel}","templated":true}]}}