{"id":27778,"date":"2026-04-25T17:47:39","date_gmt":"2026-04-25T20:47:39","guid":{"rendered":"https:\/\/villasancarlos.club\/vsc\/?p=27778"},"modified":"2026-04-26T18:03:09","modified_gmt":"2026-04-26T21:03:09","slug":"se-viene-los-5k-villeros","status":"publish","type":"post","link":"https:\/\/villasancarlos.club\/vsc\/2026\/04\/se-viene-los-5k-villeros\/","title":{"rendered":"Se viene los 5K Villeros"},"content":{"rendered":"\n<h2 class=\"wp-block-heading\">Este domingo se vivir\u00e1 la segunda edici\u00f3n de la marat\u00f3n villera organizada por el Club Atl\u00e9tico Villa San Carlos y el C\u00edrculo de Atletas Platense, bajo el nombre &#8220;5K Villeros&#8221;.<\/h2>\n\n\n\n<p>La jornada dar\u00e1 inicio desde las 08:30hs y contar\u00e1 con atletas de toda la regi\u00f3n. La misma contar\u00e1 con tres categor\u00edas:<\/p>\n\n\n\n<p><strong>KIDS:<\/strong><\/p>\n\n\n\n<ul class=\"wp-block-list\">\n<li>200 mts (hasta 5 a\u00f1os)<\/li>\n\n\n\n<li>400 mts (5 a 9 a\u00f1os)<\/li>\n\n\n\n<li>800 mts (10 a 13 a\u00f1os)<\/li>\n<\/ul>\n\n\n\n<p><strong>PARTICIPATIVA:<\/strong><\/p>\n\n\n\n<ul class=\"wp-block-list\">\n<li>2K (14 a\u00f1os en adelante)<\/li>\n<\/ul>\n\n\n\n<p><strong>COMPETITIVA: <\/strong><\/p>\n\n\n\n<ul class=\"wp-block-list\">\n<li>5K (14 a\u00f1os en adelante)<\/li>\n<\/ul>\n\n\n\n<p>Adem\u00e1s habr\u00e1 premiaciones generales y por categor\u00eda <\/p>\n\n\n\n<figure class=\"wp-block-image size-full\"><img loading=\"lazy\" decoding=\"async\" width=\"1600\" height=\"900\" src=\"https:\/\/villasancarlos.club\/vsc\/wp-content\/uploads\/2026\/04\/WhatsApp-Image-2026-04-26-at-5.52.58-PM.jpeg\" alt=\"\" class=\"wp-image-27780\" srcset=\"https:\/\/villasancarlos.club\/vsc\/wp-content\/uploads\/2026\/04\/WhatsApp-Image-2026-04-26-at-5.52.58-PM.jpeg 1600w, https:\/\/villasancarlos.club\/vsc\/wp-content\/uploads\/2026\/04\/WhatsApp-Image-2026-04-26-at-5.52.58-PM-1280x720.jpeg 1280w, https:\/\/villasancarlos.club\/vsc\/wp-content\/uploads\/2026\/04\/WhatsApp-Image-2026-04-26-at-5.52.58-PM-768x432.jpeg 768w, https:\/\/villasancarlos.club\/vsc\/wp-content\/uploads\/2026\/04\/WhatsApp-Image-2026-04-26-at-5.52.58-PM-1536x864.jpeg 1536w, https:\/\/villasancarlos.club\/vsc\/wp-content\/uploads\/2026\/04\/WhatsApp-Image-2026-04-26-at-5.52.58-PM-510x287.jpeg 510w\" sizes=\"auto, (max-width: 1600px) 100vw, 1600px\" \/><\/figure>\n\n\n\n<p><\/p>\n","protected":false},"excerpt":{"rendered":"<p>Este domingo se vivir\u00e1 la segunda edici\u00f3n de la marat\u00f3n villera organizada por el Club Atl\u00e9tico Villa San Carlos y el C\u00edrculo de Atletas Platense, bajo el nombre &#8220;5K Villeros&#8221;. La jornada dar\u00e1 inicio desde las 08:30hs y contar\u00e1 con atletas de toda la regi\u00f3n. La misma contar\u00e1 con tres categor\u00edas: KIDS: PARTICIPATIVA: COMPETITIVA: Adem\u00e1s [&#8230;]\n","protected":false},"author":1,"featured_media":27779,"comment_status":"closed","ping_status":"","sticky":false,"template":"","format":"standard","meta":{"footnotes":""},"categories":[19],"tags":[223,20,222],"class_list":["post-27778","post","type-post","status-publish","format-standard","has-post-thumbnail","hentry","category-institucional","tag-5k-villeros","tag-institucional","tag-maraton"],"_links":{"self":[{"href":"https:\/\/villasancarlos.club\/vsc\/wp-json\/wp\/v2\/posts\/27778","targetHints":{"allow":["GET"]}}],"collection":[{"href":"https:\/\/villasancarlos.club\/vsc\/wp-json\/wp\/v2\/posts"}],"about":[{"href":"https:\/\/villasancarlos.club\/vsc\/wp-json\/wp\/v2\/types\/post"}],"author":[{"embeddable":true,"href":"https:\/\/villasancarlos.club\/vsc\/wp-json\/wp\/v2\/users\/1"}],"replies":[{"embeddable":true,"href":"https:\/\/villasancarlos.club\/vsc\/wp-json\/wp\/v2\/comments?post=27778"}],"version-history":[{"count":1,"href":"https:\/\/villasancarlos.club\/vsc\/wp-json\/wp\/v2\/posts\/27778\/revisions"}],"predecessor-version":[{"id":27781,"href":"https:\/\/villasancarlos.club\/vsc\/wp-json\/wp\/v2\/posts\/27778\/revisions\/27781"}],"wp:featuredmedia":[{"embeddable":true,"href":"https:\/\/villasancarlos.club\/vsc\/wp-json\/wp\/v2\/media\/27779"}],"wp:attachment":[{"href":"https:\/\/villasancarlos.club\/vsc\/wp-json\/wp\/v2\/media?parent=27778"}],"wp:term":[{"taxonomy":"category","embeddable":true,"href":"https:\/\/villasancarlos.club\/vsc\/wp-json\/wp\/v2\/categories?post=27778"},{"taxonomy":"post_tag","embeddable":true,"href":"https:\/\/villasancarlos.club\/vsc\/wp-json\/wp\/v2\/tags?post=27778"}],"curies":[{"name":"wp","href":"https:\/\/api.w.org\/{rel}","templated":true}]}}