{"id":27616,"date":"2026-03-12T20:28:44","date_gmt":"2026-03-12T23:28:44","guid":{"rendered":"https:\/\/villasancarlos.club\/vsc\/?p=27616"},"modified":"2026-03-12T21:36:06","modified_gmt":"2026-03-13T00:36:06","slug":"se-disputo-la-primera-fecha-del-futbol-infantil","status":"publish","type":"post","link":"https:\/\/villasancarlos.club\/vsc\/2026\/03\/se-disputo-la-primera-fecha-del-futbol-infantil\/","title":{"rendered":"Se disput\u00f3 la primera fecha del f\u00fatbol infantil"},"content":{"rendered":"\r\n<p>El s\u00e1bado comenz\u00f3 un nuevo torneo de la Liga Sur del F\u00fatbol Infantil. El &#8220;Cele&#8221; jugo tres jornadas el fin de semana. Una correspondiente a la Zona 1 y dos en la Zona 2. El s\u00e1bado se midi\u00f3 ante San Juan Bautista y Ateneo Popular, mientras que el domingo lo hizo ante Nuestra Se\u00f1ora de Lujan. Estos fueron los resultados:<\/p>\r\n<p>Zona 1 Fecha 1<\/p>\r\n<p>2017: <strong>Villa San Carlos 6<\/strong> (Villagra, Chamorro, Vergara, Imaz, Carril, Vega) &#8211; Ateneo Popular 0<\/p>\r\n<p>2018: <strong>Villa San Carlos 2<\/strong> (Piovano x 2) &#8211; Ateneo Popular 0<\/p>\r\n<p>2019:<strong> Villa San Carlos 0<\/strong> &#8211; Ateneo Popular 3<\/p>\r\n<p>2020:<strong> Villa San Carlos 0<\/strong> &#8211; Ateneo Popular 1<\/p>\r\n<p>2013: <strong>Villa San Carlos 3<\/strong> (Ciro Mi\u00f1o -2- y Benjamin Coronel) &#8211; Ateneo Popular 1<\/p>\r\n<p>2014 <strong>Villa San Carlos 0<\/strong> &#8211; Ateneo Popular 3<\/p>\r\n<p>2015 <strong>Villa San Carlos 0<\/strong> &#8211; Ateneo Popular 4<\/p>\r\n<p>2016 <strong>Villa San Carlos 1<\/strong>( Milo Clapsos) &#8211; Ateneo Popular 0<\/p>\r\n<p>Zona 2 Fecha 1<\/p>\r\n<p>2017 <strong>Villa San Carlos 2<\/strong> (Ian Falcon y Valentino Villafa\u00f1ez) &#8211; San Juan Bautista 1<\/p>\r\n<p>2018<strong> Villa San Carlos 2<\/strong> (Bastian Prieto y Lucas Campostrini) &#8211; San Juan Bautista 2<\/p>\r\n<p>2019<strong> Villa San Carlos 1<\/strong> (Eithan Rodriguez) &#8211; San Juan Bautista 1<\/p>\r\n<p>2013 <strong>Villa San Carlos 1<\/strong> (Laureano Prieto) &#8211; San Juan Bautista 1<\/p>\r\n<p>2014 <strong>Villa San Carlos 0<\/strong> &#8211; San Juan Bautista 1<\/p>\r\n<p>2015 <strong>Villa San Carlos 2<\/strong> (Aaron Medina) &#8211; San Juan Bautista 0<\/p>\r\n<p>2016 <strong>Villa San Carlos 0<\/strong> &#8211; San Juan Bautista 2<\/p>\r\n<p>Zona 2 Fecha 2<\/p>\r\n<p>2017 <strong>Villa San Carlos 3<\/strong> (Joaquin Lopez -2- y Valentin Villafa\u00f1ez) &#8211; Nuestra Se\u00f1ora de Lujan 1<\/p>\r\n<p>\u00a02018 <strong>Villa San Carlos 5<\/strong> (Luvoz, Brichetto, Campostrini y Prieto -2-) &#8211; Nuestra Se\u00f1ora de Lujan 2<\/p>\r\n<p>2019 <strong>Villa San Carlos 0<\/strong> &#8211; Nuestra Se\u00f1ora de Lujan 6<\/p>\r\n<p>2020 <strong>Villa San Carlos 3<\/strong> ( Riquelme -2-y Abalos) &#8211; Nuestra Se\u00f1ora de Lujan 0<\/p>\r\n<p>2013 <strong>Villa San Carlos 2<\/strong> (Palavecino -2-) &#8211; Nuestra Se\u00f1ora de Lujan 1<\/p>\r\n<p>2014 <strong>Villa San Carlos 3<\/strong> (Cueli, Figueroa y Ramirez) &#8211; Nuestra Se\u00f1ora de Lujan 3<\/p>\r\n<p>2015 <strong>Villa San Carlos 0<\/strong> &#8211; Nuestra Se\u00f1ora de Lujan 8<\/p>\r\n<p>2016 <strong>Villa San Carlos 1<\/strong> (Crivaro) &#8211; Nuestra Se\u00f1ora de Lujan 0<\/p>\r\n<p>&nbsp;<\/p>\r\n<p>Foto: La Foto del Pibe<\/p>\r\n<p>&nbsp;<\/p>\r\n","protected":false},"excerpt":{"rendered":"<p>El s\u00e1bado comenz\u00f3 un nuevo torneo de la Liga Sur del F\u00fatbol Infantil. El &#8220;Cele&#8221; jugo tres jornadas el fin de semana. Una correspondiente a la Zona 1 y dos en la Zona 2. El s\u00e1bado se midi\u00f3 ante San Juan Bautista y Ateneo Popular, mientras que el domingo lo hizo ante Nuestra Se\u00f1ora de [&#8230;]\n","protected":false},"author":1,"featured_media":27621,"comment_status":"closed","ping_status":"closed","sticky":false,"template":"","format":"standard","meta":{"footnotes":""},"categories":[2],"tags":[26],"class_list":["post-27616","post","type-post","status-publish","format-standard","has-post-thumbnail","hentry","category-futbol-infantil","tag-futbol-infantil"],"_links":{"self":[{"href":"https:\/\/villasancarlos.club\/vsc\/wp-json\/wp\/v2\/posts\/27616","targetHints":{"allow":["GET"]}}],"collection":[{"href":"https:\/\/villasancarlos.club\/vsc\/wp-json\/wp\/v2\/posts"}],"about":[{"href":"https:\/\/villasancarlos.club\/vsc\/wp-json\/wp\/v2\/types\/post"}],"author":[{"embeddable":true,"href":"https:\/\/villasancarlos.club\/vsc\/wp-json\/wp\/v2\/users\/1"}],"replies":[{"embeddable":true,"href":"https:\/\/villasancarlos.club\/vsc\/wp-json\/wp\/v2\/comments?post=27616"}],"version-history":[{"count":3,"href":"https:\/\/villasancarlos.club\/vsc\/wp-json\/wp\/v2\/posts\/27616\/revisions"}],"predecessor-version":[{"id":27620,"href":"https:\/\/villasancarlos.club\/vsc\/wp-json\/wp\/v2\/posts\/27616\/revisions\/27620"}],"wp:featuredmedia":[{"embeddable":true,"href":"https:\/\/villasancarlos.club\/vsc\/wp-json\/wp\/v2\/media\/27621"}],"wp:attachment":[{"href":"https:\/\/villasancarlos.club\/vsc\/wp-json\/wp\/v2\/media?parent=27616"}],"wp:term":[{"taxonomy":"category","embeddable":true,"href":"https:\/\/villasancarlos.club\/vsc\/wp-json\/wp\/v2\/categories?post=27616"},{"taxonomy":"post_tag","embeddable":true,"href":"https:\/\/villasancarlos.club\/vsc\/wp-json\/wp\/v2\/tags?post=27616"}],"curies":[{"name":"wp","href":"https:\/\/api.w.org\/{rel}","templated":true}]}}