{"id":2756,"date":"2016-08-21T03:13:06","date_gmt":"2016-08-21T03:13:06","guid":{"rendered":"http:\/\/villasancarlos.club\/vsc\/?p=2756"},"modified":"2016-08-21T03:31:05","modified_gmt":"2016-08-21T03:31:05","slug":"los-juveniles-enfrentan-al-furgon","status":"publish","type":"post","link":"https:\/\/villasancarlos.club\/vsc\/2016\/08\/los-juveniles-enfrentan-al-furgon\/","title":{"rendered":"Los juveniles enfrentan al &#8220;Furg\u00f3n&#8221;"},"content":{"rendered":"<p><strong>Por la\u00a0 jornada seis de la Copa Integraci\u00f3n los juveniles del celeste de Berisso deber\u00e1n enfrentarse ante la UAI\u00a0Urquiza. Las \u00fanicas\u00a0 categor\u00edas que saldr\u00e1n a la cancha este fin de semana ser\u00e1n 7MA, 8VA y 9NA, cuando el d\u00eda domingo visiten al &#8220;furg\u00f3n&#8221; en el predio de Rancho Taxco de la localidad de Ezeiza .En tanto,\u00a0 los encuentros de la 4TA, 5TA Y 6TA \u00a0fueron suspendidos.<\/strong><\/p>\n<p>El domingo para los m\u00e1s chicos iniciar\u00e1 con la s\u00e9ptima de Diego Cippina desde las \u00a010:00 de la ma\u00f1ana. Decir que esta categor\u00eda viene de caer 2 a 1 con Luj\u00e1n en su ultima presentaci\u00f3n de local.<\/p>\n<p>Despu\u00e9s ser\u00e1 el turno de la octava a partir de las 12:00. Los dirigidos por Federico Francolino deber\u00e1n reponerse de\u00a0 la dura derrota sufrida en la fecha pasada por\u00a0 6 a 2.<\/p>\n<p>En cambio, la novena de Ezequiel Scaziga buscar\u00e1 desde las 14:00 conseguir una nueva victoria, tras haber obtenido el triunfo por 2 a 1 frente al lujanero el pasado fin de semana.<\/p>\n<p><strong>A CONTINUACI\u00d3N LA JORNADA: Domingo 21 de Agosto de 2016<\/strong><\/p>\n<p><strong>Predio:<\/strong> Rancho Taxco (UAI Urquiza)<\/p>\n<p><strong>7ma:<\/strong> UAI Urquiza vs. <strong>Villa San Carlos<\/strong> \/10hs<\/p>\n<p><strong>8va:<\/strong> UAI Urquiza vs. <strong>Villa San Carlos<\/strong>\/ 12hs<\/p>\n<p><strong>9na:<\/strong> UAI Urquiza\u00a0 vs. <strong>Villa San Carlos<\/strong> \/ 14hs<\/p>\n","protected":false},"excerpt":{"rendered":"<p>Por la\u00a0 jornada seis de la Copa Integraci\u00f3n los juveniles del celeste de Berisso deber\u00e1n enfrentarse ante la UAI\u00a0Urquiza. Las \u00fanicas\u00a0 categor\u00edas que saldr\u00e1n a la cancha este fin de semana ser\u00e1n 7MA, 8VA y 9NA, cuando el d\u00eda domingo visiten al &#8220;furg\u00f3n&#8221; en el predio de Rancho Taxco de la localidad de Ezeiza .En [&#8230;]\n","protected":false},"author":1,"featured_media":2759,"comment_status":"open","ping_status":"open","sticky":false,"template":"","format":"standard","meta":{"footnotes":""},"categories":[22],"tags":[23],"class_list":["post-2756","post","type-post","status-publish","format-standard","has-post-thumbnail","hentry","category-futbol-juvenil","tag-futbol-juvenil"],"_links":{"self":[{"href":"https:\/\/villasancarlos.club\/vsc\/wp-json\/wp\/v2\/posts\/2756","targetHints":{"allow":["GET"]}}],"collection":[{"href":"https:\/\/villasancarlos.club\/vsc\/wp-json\/wp\/v2\/posts"}],"about":[{"href":"https:\/\/villasancarlos.club\/vsc\/wp-json\/wp\/v2\/types\/post"}],"author":[{"embeddable":true,"href":"https:\/\/villasancarlos.club\/vsc\/wp-json\/wp\/v2\/users\/1"}],"replies":[{"embeddable":true,"href":"https:\/\/villasancarlos.club\/vsc\/wp-json\/wp\/v2\/comments?post=2756"}],"version-history":[{"count":1,"href":"https:\/\/villasancarlos.club\/vsc\/wp-json\/wp\/v2\/posts\/2756\/revisions"}],"predecessor-version":[{"id":2758,"href":"https:\/\/villasancarlos.club\/vsc\/wp-json\/wp\/v2\/posts\/2756\/revisions\/2758"}],"wp:featuredmedia":[{"embeddable":true,"href":"https:\/\/villasancarlos.club\/vsc\/wp-json\/wp\/v2\/media\/2759"}],"wp:attachment":[{"href":"https:\/\/villasancarlos.club\/vsc\/wp-json\/wp\/v2\/media?parent=2756"}],"wp:term":[{"taxonomy":"category","embeddable":true,"href":"https:\/\/villasancarlos.club\/vsc\/wp-json\/wp\/v2\/categories?post=2756"},{"taxonomy":"post_tag","embeddable":true,"href":"https:\/\/villasancarlos.club\/vsc\/wp-json\/wp\/v2\/tags?post=2756"}],"curies":[{"name":"wp","href":"https:\/\/api.w.org\/{rel}","templated":true}]}}