{"id":27446,"date":"2026-02-03T10:48:00","date_gmt":"2026-02-03T13:48:00","guid":{"rendered":"https:\/\/villasancarlos.club\/vsc\/?p=27446"},"modified":"2026-02-05T11:25:45","modified_gmt":"2026-02-05T14:25:45","slug":"luca-ferro-extendio-su-contrato-y-se-ira-a-ecuador","status":"publish","type":"post","link":"https:\/\/villasancarlos.club\/vsc\/2026\/02\/luca-ferro-extendio-su-contrato-y-se-ira-a-ecuador\/","title":{"rendered":"Luca Ferro extendi\u00f3 su contrato y se ir\u00e1 a Ecuador"},"content":{"rendered":"\n<h2 class=\"wp-block-heading\">Luca Ferro extendi\u00f3 su v\u00ednculo con la instituci\u00f3n hasta el 31 de diciembre de 2027  y se va a pr\u00e9stamo al f\u00fatbol ecuatoriano.<\/h2>\n\n\n\n<p>El delantero villero, quien anot\u00f3 7 tantos en la \u00faltima temporada se march\u00f3 cedido a pr\u00e9stamo al Club Social y Deportivo Macar\u00e1 de la Primera Divisi\u00f3n del f\u00fatbol ecuatoriano. El pr\u00e9stamo es por un a\u00f1o, habiendo firmado previamente la extensi\u00f3n de su v\u00ednculo con el club hasta diciembre de 2027.<\/p>\n\n\n\n<p>En su nuevo destino jugar\u00e1 la pr\u00f3xima edici\u00f3n de la Copa Sudamericana.<\/p>\n","protected":false},"excerpt":{"rendered":"<p>Luca Ferro extendi\u00f3 su v\u00ednculo con la instituci\u00f3n hasta el 31 de diciembre de 2027 y se va a pr\u00e9stamo al f\u00fatbol ecuatoriano. El delantero villero, quien anot\u00f3 7 tantos en la \u00faltima temporada se march\u00f3 cedido a pr\u00e9stamo al Club Social y Deportivo Macar\u00e1 de la Primera Divisi\u00f3n del f\u00fatbol ecuatoriano. El pr\u00e9stamo es [&#8230;]\n","protected":false},"author":1,"featured_media":27447,"comment_status":"closed","ping_status":"","sticky":false,"template":"","format":"standard","meta":{"footnotes":""},"categories":[4],"tags":[5],"class_list":["post-27446","post","type-post","status-publish","format-standard","has-post-thumbnail","hentry","category-futbol-1ra-division","tag-futbol-1ra-division"],"_links":{"self":[{"href":"https:\/\/villasancarlos.club\/vsc\/wp-json\/wp\/v2\/posts\/27446","targetHints":{"allow":["GET"]}}],"collection":[{"href":"https:\/\/villasancarlos.club\/vsc\/wp-json\/wp\/v2\/posts"}],"about":[{"href":"https:\/\/villasancarlos.club\/vsc\/wp-json\/wp\/v2\/types\/post"}],"author":[{"embeddable":true,"href":"https:\/\/villasancarlos.club\/vsc\/wp-json\/wp\/v2\/users\/1"}],"replies":[{"embeddable":true,"href":"https:\/\/villasancarlos.club\/vsc\/wp-json\/wp\/v2\/comments?post=27446"}],"version-history":[{"count":1,"href":"https:\/\/villasancarlos.club\/vsc\/wp-json\/wp\/v2\/posts\/27446\/revisions"}],"predecessor-version":[{"id":27448,"href":"https:\/\/villasancarlos.club\/vsc\/wp-json\/wp\/v2\/posts\/27446\/revisions\/27448"}],"wp:featuredmedia":[{"embeddable":true,"href":"https:\/\/villasancarlos.club\/vsc\/wp-json\/wp\/v2\/media\/27447"}],"wp:attachment":[{"href":"https:\/\/villasancarlos.club\/vsc\/wp-json\/wp\/v2\/media?parent=27446"}],"wp:term":[{"taxonomy":"category","embeddable":true,"href":"https:\/\/villasancarlos.club\/vsc\/wp-json\/wp\/v2\/categories?post=27446"},{"taxonomy":"post_tag","embeddable":true,"href":"https:\/\/villasancarlos.club\/vsc\/wp-json\/wp\/v2\/tags?post=27446"}],"curies":[{"name":"wp","href":"https:\/\/api.w.org\/{rel}","templated":true}]}}