{"id":27223,"date":"2025-10-20T20:01:45","date_gmt":"2025-10-20T23:01:45","guid":{"rendered":"https:\/\/villasancarlos.club\/vsc\/?p=27223"},"modified":"2025-10-20T20:11:36","modified_gmt":"2025-10-20T23:11:36","slug":"dependemos-de-nosotros-para-clasificar","status":"publish","type":"post","link":"https:\/\/villasancarlos.club\/vsc\/2025\/10\/dependemos-de-nosotros-para-clasificar\/","title":{"rendered":"&#8221; Dependemos de nosotros para clasificar&#8221;"},"content":{"rendered":"\r\n<p>El entrenador de Villa San Carlos, Pablo Miranda, mostr\u00f3 autocr\u00edtica y preocupaci\u00f3n tras la derrota ante Sacachispas. <strong>\u201cLa sensaci\u00f3n es de tristeza, pero siempre con la confianza en los jugadores y en nosotros mismos. Con la humildad y el trabajo que mostramos a lo largo del a\u00f1o, dependemos de nosotros para clasificar\u201d<\/strong>, afirm\u00f3 el t\u00e9cnico<\/p>\r\n<p>Sobre el desarrollo del partido, Miranda reconoci\u00f3 que su equipo no pudo sostener la ventaja inicial.<strong> \u201cSab\u00edamos que ellos se jugaban mucho, al igual que nosotros. Pudimos ponernos en ventaja, pero seguimos cometiendo errores que nos cuestan caro\u201d<\/strong>, lament\u00f3 y afirmo: \u00a0<\/p>\r\n<p><strong>\u201cNos viene pasando hace varias fechas. Son errores personales y grupales. Si el rival los aprovecha, nos deja con las manos vac\u00edas\u201d,<\/strong> afirmo Miranda sobre las situaciones de juego. De todos modos, aclar\u00f3 que el grupo debe mantener el equilibrio:<strong> \u201cNo \u00e9ramos los mejores antes ni somos los peores ahora. Tenemos que pasar este momento como equipo&#8221;, <\/strong>remarco. \u00a0<\/p>\r\n<p><span style=\"font-size: 14.4px;\">Por ultimo , Miranda se meti\u00f3 de lleno en la recta final del campeonato: <strong>\u201cHay que dar vuelta la p\u00e1gina, no mirar para atr\u00e1s. Vamos a preparar el partido con Burzaco y seguir peleando hasta el final\u201d, <\/strong>finaliz\u00f3.<\/span><\/p>\r\n<p><span style=\"font-size: 14.4px;\"> Por: Joaqu\u00edn C\u00f3rdoba.<\/span><\/p>\r\n","protected":false},"excerpt":{"rendered":"<p>El entrenador de Villa San Carlos, Pablo Miranda, mostr\u00f3 autocr\u00edtica y preocupaci\u00f3n tras la derrota ante Sacachispas. \u201cLa sensaci\u00f3n es de tristeza, pero siempre con la confianza en los jugadores y en nosotros mismos. Con la humildad y el trabajo que mostramos a lo largo del a\u00f1o, dependemos de nosotros para clasificar\u201d, afirm\u00f3 el t\u00e9cnico [&#8230;]\n","protected":false},"author":1,"featured_media":27224,"comment_status":"closed","ping_status":"closed","sticky":false,"template":"","format":"standard","meta":{"footnotes":""},"categories":[4],"tags":[5],"class_list":["post-27223","post","type-post","status-publish","format-standard","has-post-thumbnail","hentry","category-futbol-1ra-division","tag-futbol-1ra-division"],"_links":{"self":[{"href":"https:\/\/villasancarlos.club\/vsc\/wp-json\/wp\/v2\/posts\/27223","targetHints":{"allow":["GET"]}}],"collection":[{"href":"https:\/\/villasancarlos.club\/vsc\/wp-json\/wp\/v2\/posts"}],"about":[{"href":"https:\/\/villasancarlos.club\/vsc\/wp-json\/wp\/v2\/types\/post"}],"author":[{"embeddable":true,"href":"https:\/\/villasancarlos.club\/vsc\/wp-json\/wp\/v2\/users\/1"}],"replies":[{"embeddable":true,"href":"https:\/\/villasancarlos.club\/vsc\/wp-json\/wp\/v2\/comments?post=27223"}],"version-history":[{"count":4,"href":"https:\/\/villasancarlos.club\/vsc\/wp-json\/wp\/v2\/posts\/27223\/revisions"}],"predecessor-version":[{"id":27228,"href":"https:\/\/villasancarlos.club\/vsc\/wp-json\/wp\/v2\/posts\/27223\/revisions\/27228"}],"wp:featuredmedia":[{"embeddable":true,"href":"https:\/\/villasancarlos.club\/vsc\/wp-json\/wp\/v2\/media\/27224"}],"wp:attachment":[{"href":"https:\/\/villasancarlos.club\/vsc\/wp-json\/wp\/v2\/media?parent=27223"}],"wp:term":[{"taxonomy":"category","embeddable":true,"href":"https:\/\/villasancarlos.club\/vsc\/wp-json\/wp\/v2\/categories?post=27223"},{"taxonomy":"post_tag","embeddable":true,"href":"https:\/\/villasancarlos.club\/vsc\/wp-json\/wp\/v2\/tags?post=27223"}],"curies":[{"name":"wp","href":"https:\/\/api.w.org\/{rel}","templated":true}]}}