{"id":27207,"date":"2025-10-14T20:46:42","date_gmt":"2025-10-14T23:46:42","guid":{"rendered":"https:\/\/villasancarlos.club\/vsc\/?p=27207"},"modified":"2025-10-14T20:59:54","modified_gmt":"2025-10-14T23:59:54","slug":"nueva-fecha-de-infantiles","status":"publish","type":"post","link":"https:\/\/villasancarlos.club\/vsc\/2025\/10\/nueva-fecha-de-infantiles\/","title":{"rendered":"Nueva fecha de infantiles"},"content":{"rendered":"\r\n<p>El fin de semana se disputaron las jornadas de Lisfi y Lisfi 2 mas la fecha el torneo de la Asociaci\u00f3n de F\u00fatbol Argentino. En la regi\u00f3n , el &#8220;Cele&#8221; se enfrent\u00f3 a Beto Avalos y Autonom\u00eda, mientras que por AFA recibi\u00f3 en el Predio &#8220;Pasi\u00f3n Villera&#8221; a Atl\u00e9tico Lugano<\/p>\r\n<p>Estos fueron los resultados de la fecha:<\/p>\r\n<p><strong> LISFI zona 1 Vs Beto Avalos <\/strong><\/p>\r\n<p>2019 <strong>Villa San Carlos 5<\/strong> (liam wasilevic x2, Valentino koster, Astor gutierrez y fausto Maciel) &#8211; Beto Avalos 2<\/p>\r\n<p>2018 <strong>Villa San Carlos 0<\/strong> &#8211;\u00a0 Beto Avalos 2<\/p>\r\n<p>2017 <strong>Villa San Carlos 0<\/strong> &#8211; Beto Avalos 1<\/p>\r\n<p>2016 <strong>Villa San Carlos 0<\/strong> &#8211; Beto Avalos 2<\/p>\r\n<p>2015 <strong>Villa San Carlos 2<\/strong> (Milo Garc\u00eda y thiago cordoba) &#8211; Beto Avalos 2<\/p>\r\n<p>2014 <strong>Villa San Carlos 1<\/strong> (Milo Borceiro) &#8211; Beto Avalos 3<\/p>\r\n<p>2013<strong> Villa San Carlos 1<\/strong> (Benjamin Coronel) &#8211; Beto Avalos 2<\/p>\r\n<p>2012<strong> Villa San Carlos 1<\/strong> (Ciro Martinez) &#8211; Beto Avalos 2<\/p>\r\n<p><strong>LISFI zona 2 Vs Autonom\u00eda <\/strong><\/p>\r\n<p>2019 Autonomia 8- <strong style=\"font-size: 14.4px;\">Villa San Carlos 0<\/strong><span style=\"font-size: 14.4px;\">\u00a0<\/span><\/p>\r\n<p>2018 Autonomina 2 &#8211; <strong>Villa San Carlos 3<\/strong> (roman brichetto x2 y tiziano acu\u00f1a)<\/p>\r\n<p>2017 Autonomia 5 &#8211; <strong>Villa San Carlos 3<\/strong> (maximo ferreyra y bruno paladino x2)<\/p>\r\n<p>2016 Autonomia 2 &#8211; <strong>Villa San Carlos 1<\/strong> (Isaias Goro)<\/p>\r\n<p>2015 Autonomia 0 &#8211; <strong>Villa San Carlos 2<\/strong> ( Ignacio Larrea y mateo cruz)<\/p>\r\n<p>2014 Autonomia 1 &#8211; <strong>Villa San Carlos 1<\/strong> (E\/C)<\/p>\r\n<p>2013 Autonomia 1 &#8211; <strong>Villa San Carlos 3<\/strong> (Thiago Villasante y Luca Valente -2-)<\/p>\r\n<p>2012 Autonomia 1 &#8211;\u00a0 <strong>Villa San Carlos 1<\/strong> (Benajmin Luchessi)<\/p>\r\n<p><strong>AFA vs Atletico Lugano<\/strong><\/p>\r\n<p>2015 <strong>Villa San Carlos 0<\/strong> &#8211; Atl\u00e9tico Lugano 1<\/p>\r\n<p>2014 <strong>Villa San Carlos 0<\/strong> &#8211; Atl\u00e9tico Lugano 0<\/p>\r\n<p>2013<strong> Villa San Carlos 3<\/strong> (Roman Ferreyra, Ciro Mi\u00f1o y Ladislao Caredio) &#8211; Atl\u00e9tico Lugano 0<\/p>\r\n<p>2012 <strong>Villa San Carlos 1<\/strong> (Mateo Dominguez) &#8211; Atl\u00e9tico Lugano 1<\/p>\r\n<p>Foto: La Foto del Pibe<\/p>\r\n","protected":false},"excerpt":{"rendered":"<p>El fin de semana se disputaron las jornadas de Lisfi y Lisfi 2 mas la fecha el torneo de la Asociaci\u00f3n de F\u00fatbol Argentino. En la regi\u00f3n , el &#8220;Cele&#8221; se enfrent\u00f3 a Beto Avalos y Autonom\u00eda, mientras que por AFA recibi\u00f3 en el Predio &#8220;Pasi\u00f3n Villera&#8221; a Atl\u00e9tico Lugano Estos fueron los resultados de [&#8230;]\n","protected":false},"author":1,"featured_media":27208,"comment_status":"closed","ping_status":"closed","sticky":false,"template":"","format":"standard","meta":{"footnotes":""},"categories":[2],"tags":[26],"class_list":["post-27207","post","type-post","status-publish","format-standard","has-post-thumbnail","hentry","category-futbol-infantil","tag-futbol-infantil"],"_links":{"self":[{"href":"https:\/\/villasancarlos.club\/vsc\/wp-json\/wp\/v2\/posts\/27207","targetHints":{"allow":["GET"]}}],"collection":[{"href":"https:\/\/villasancarlos.club\/vsc\/wp-json\/wp\/v2\/posts"}],"about":[{"href":"https:\/\/villasancarlos.club\/vsc\/wp-json\/wp\/v2\/types\/post"}],"author":[{"embeddable":true,"href":"https:\/\/villasancarlos.club\/vsc\/wp-json\/wp\/v2\/users\/1"}],"replies":[{"embeddable":true,"href":"https:\/\/villasancarlos.club\/vsc\/wp-json\/wp\/v2\/comments?post=27207"}],"version-history":[{"count":3,"href":"https:\/\/villasancarlos.club\/vsc\/wp-json\/wp\/v2\/posts\/27207\/revisions"}],"predecessor-version":[{"id":27211,"href":"https:\/\/villasancarlos.club\/vsc\/wp-json\/wp\/v2\/posts\/27207\/revisions\/27211"}],"wp:featuredmedia":[{"embeddable":true,"href":"https:\/\/villasancarlos.club\/vsc\/wp-json\/wp\/v2\/media\/27208"}],"wp:attachment":[{"href":"https:\/\/villasancarlos.club\/vsc\/wp-json\/wp\/v2\/media?parent=27207"}],"wp:term":[{"taxonomy":"category","embeddable":true,"href":"https:\/\/villasancarlos.club\/vsc\/wp-json\/wp\/v2\/categories?post=27207"},{"taxonomy":"post_tag","embeddable":true,"href":"https:\/\/villasancarlos.club\/vsc\/wp-json\/wp\/v2\/tags?post=27207"}],"curies":[{"name":"wp","href":"https:\/\/api.w.org\/{rel}","templated":true}]}}