{"id":27085,"date":"2025-09-30T18:08:35","date_gmt":"2025-09-30T21:08:35","guid":{"rendered":"https:\/\/villasancarlos.club\/vsc\/?p=27085"},"modified":"2025-09-30T18:08:35","modified_gmt":"2025-09-30T21:08:35","slug":"villa-san-carlos-se-viste-de-rosa","status":"publish","type":"post","link":"https:\/\/villasancarlos.club\/vsc\/2025\/09\/villa-san-carlos-se-viste-de-rosa\/","title":{"rendered":"Villa San Carlos se viste de rosa"},"content":{"rendered":"\n<h2 class=\"wp-block-heading\">El Club Atl\u00e9tico Villa San Carlos lanz\u00f3 una nueva equipaci\u00f3n para concientizar y sensibilizar sobre el c\u00e1ncer de mama. La indumentaria ser\u00e1 utilizada en los partidos de la Primera B y suma un nuevo cap\u00edtulo en la lucha de la instituci\u00f3n de Berisso por las causas justas.<\/h2>\n\n\n\n<p>En el marco del Mes de Sensibilizaci\u00f3n sobre el C\u00e1ncer de Mama, el Club Atl\u00e9tico Villa San Carlos lanz\u00f3 una campa\u00f1a que reivindica el rol social de la instituci\u00f3n ante las causas nobles de la comunidad. Por caso, durante todo octubre se utilizar\u00e1 una camiseta especial en cada partido de la Primera B de la Asociaci\u00f3n del F\u00fatbol Argentino.<\/p>\n\n\n\n<p>De esa manera, se buscar\u00e1 visibilizar y sentar posici\u00f3n en tiempos donde la sanidad es atacada y desfinanciada por medidas de ajuste presupuestario. As\u00ed, la Comisi\u00f3n Directiva que preside Juan Manuel C\u00f3rdoba tom\u00f3 la decisi\u00f3n de modificar, durante octubre, el celeste y blanco que hace 100 a\u00f1os representa a sus equipos por dos tonalidades de rosa para concientizar sobre los riesgos de la enfermedad.<\/p>\n\n\n\n<figure class=\"wp-block-image size-large\"><img loading=\"lazy\" decoding=\"async\" width=\"1350\" height=\"900\" src=\"https:\/\/villasancarlos.club\/vsc\/wp-content\/uploads\/2025\/09\/avsc9-1350x900.jpg\" alt=\"\" class=\"wp-image-27087\" srcset=\"https:\/\/villasancarlos.club\/vsc\/wp-content\/uploads\/2025\/09\/avsc9-1350x900.jpg 1350w, https:\/\/villasancarlos.club\/vsc\/wp-content\/uploads\/2025\/09\/avsc9-1080x720.jpg 1080w, https:\/\/villasancarlos.club\/vsc\/wp-content\/uploads\/2025\/09\/avsc9-768x512.jpg 768w, https:\/\/villasancarlos.club\/vsc\/wp-content\/uploads\/2025\/09\/avsc9-1536x1024.jpg 1536w, https:\/\/villasancarlos.club\/vsc\/wp-content\/uploads\/2025\/09\/avsc9-2048x1365.jpg 2048w, https:\/\/villasancarlos.club\/vsc\/wp-content\/uploads\/2025\/09\/avsc9-510x340.jpg 510w\" sizes=\"auto, (max-width: 1350px) 100vw, 1350px\" \/><\/figure>\n\n\n\n<p>Desde el 25 de abril de 1925, hasta su Centenario celebrado meses atr\u00e1s, Villa San Carlos se convirti\u00f3 en un actor fundamental de la comunidad que lo rodea. La unidad de inmigrantes que forjaron lazos para trabajar por el crecimiento del barrio se enraiz\u00f3 en un club que al d\u00eda de la fecha abre sus puertas a las necesidades de las vecinas y vecinos del R\u00edo de La Plata.<\/p>\n\n\n\n<figure class=\"wp-block-image size-large\"><img loading=\"lazy\" decoding=\"async\" width=\"1350\" height=\"900\" src=\"https:\/\/villasancarlos.club\/vsc\/wp-content\/uploads\/2025\/09\/avsc5-1350x900.jpg\" alt=\"\" class=\"wp-image-27088\" srcset=\"https:\/\/villasancarlos.club\/vsc\/wp-content\/uploads\/2025\/09\/avsc5-1350x900.jpg 1350w, https:\/\/villasancarlos.club\/vsc\/wp-content\/uploads\/2025\/09\/avsc5-1080x720.jpg 1080w, https:\/\/villasancarlos.club\/vsc\/wp-content\/uploads\/2025\/09\/avsc5-768x512.jpg 768w, https:\/\/villasancarlos.club\/vsc\/wp-content\/uploads\/2025\/09\/avsc5-1536x1024.jpg 1536w, https:\/\/villasancarlos.club\/vsc\/wp-content\/uploads\/2025\/09\/avsc5-2048x1365.jpg 2048w, https:\/\/villasancarlos.club\/vsc\/wp-content\/uploads\/2025\/09\/avsc5-510x340.jpg 510w\" sizes=\"auto, (max-width: 1350px) 100vw, 1350px\" \/><\/figure>\n\n\n\n<p>El c\u00e1ncer de mama es la patolog\u00eda oncol\u00f3gica m\u00e1s frecuente y la principal causa de muerte por c\u00e1ncer en mujeres. M\u00e1s del 75% de los diagn\u00f3sticos no cuentan con antecedentes de dicha enfermedad en su entorno familiar. Los controles peri\u00f3dicos son la principal herramienta de prevenci\u00f3n ya que los tumores detectados a tiempo tienen mayor probabilidades de curaci\u00f3n.<\/p>\n\n\n\n<p>Con la camiseta que debutar\u00e1 en el Gennacio S\u00e1lice el pr\u00f3ximo s\u00e1bado 4 de octubre contra Dock Sud, Villa San Carlos suma su apoyo a una lucha hist\u00f3rica y escribe un nuevo cap\u00edtulo de compromiso social y activismo en sus 100 a\u00f1os de vida.<\/p>\n\n\n\n<figure class=\"wp-block-gallery has-nested-images columns-default is-cropped wp-block-gallery-1 is-layout-flex wp-block-gallery-is-layout-flex\">\n<figure class=\"wp-block-image size-large\"><img loading=\"lazy\" decoding=\"async\" width=\"1350\" height=\"900\" data-id=\"27089\" src=\"https:\/\/villasancarlos.club\/vsc\/wp-content\/uploads\/2025\/09\/avsc6-1350x900.jpg\" alt=\"\" class=\"wp-image-27089\" srcset=\"https:\/\/villasancarlos.club\/vsc\/wp-content\/uploads\/2025\/09\/avsc6-1350x900.jpg 1350w, https:\/\/villasancarlos.club\/vsc\/wp-content\/uploads\/2025\/09\/avsc6-1080x720.jpg 1080w, https:\/\/villasancarlos.club\/vsc\/wp-content\/uploads\/2025\/09\/avsc6-768x512.jpg 768w, https:\/\/villasancarlos.club\/vsc\/wp-content\/uploads\/2025\/09\/avsc6-1536x1024.jpg 1536w, https:\/\/villasancarlos.club\/vsc\/wp-content\/uploads\/2025\/09\/avsc6-2048x1365.jpg 2048w, https:\/\/villasancarlos.club\/vsc\/wp-content\/uploads\/2025\/09\/avsc6-510x340.jpg 510w\" sizes=\"auto, (max-width: 1350px) 100vw, 1350px\" \/><\/figure>\n\n\n\n<figure class=\"wp-block-image size-large\"><img loading=\"lazy\" decoding=\"async\" width=\"1350\" height=\"900\" data-id=\"27090\" src=\"https:\/\/villasancarlos.club\/vsc\/wp-content\/uploads\/2025\/09\/avsc22-1350x900.jpg\" alt=\"\" class=\"wp-image-27090\" srcset=\"https:\/\/villasancarlos.club\/vsc\/wp-content\/uploads\/2025\/09\/avsc22-1350x900.jpg 1350w, https:\/\/villasancarlos.club\/vsc\/wp-content\/uploads\/2025\/09\/avsc22-1080x720.jpg 1080w, https:\/\/villasancarlos.club\/vsc\/wp-content\/uploads\/2025\/09\/avsc22-768x512.jpg 768w, https:\/\/villasancarlos.club\/vsc\/wp-content\/uploads\/2025\/09\/avsc22-1536x1024.jpg 1536w, https:\/\/villasancarlos.club\/vsc\/wp-content\/uploads\/2025\/09\/avsc22-2048x1365.jpg 2048w, https:\/\/villasancarlos.club\/vsc\/wp-content\/uploads\/2025\/09\/avsc22-510x340.jpg 510w\" sizes=\"auto, (max-width: 1350px) 100vw, 1350px\" \/><\/figure>\n\n\n\n<figure class=\"wp-block-image size-large\"><img loading=\"lazy\" decoding=\"async\" width=\"1350\" height=\"900\" data-id=\"27091\" src=\"https:\/\/villasancarlos.club\/vsc\/wp-content\/uploads\/2025\/09\/avsc14-1350x900.jpg\" alt=\"\" class=\"wp-image-27091\" srcset=\"https:\/\/villasancarlos.club\/vsc\/wp-content\/uploads\/2025\/09\/avsc14-1350x900.jpg 1350w, https:\/\/villasancarlos.club\/vsc\/wp-content\/uploads\/2025\/09\/avsc14-1080x720.jpg 1080w, https:\/\/villasancarlos.club\/vsc\/wp-content\/uploads\/2025\/09\/avsc14-768x512.jpg 768w, https:\/\/villasancarlos.club\/vsc\/wp-content\/uploads\/2025\/09\/avsc14-1536x1024.jpg 1536w, https:\/\/villasancarlos.club\/vsc\/wp-content\/uploads\/2025\/09\/avsc14-2048x1365.jpg 2048w, https:\/\/villasancarlos.club\/vsc\/wp-content\/uploads\/2025\/09\/avsc14-510x340.jpg 510w\" sizes=\"auto, (max-width: 1350px) 100vw, 1350px\" \/><\/figure>\n<\/figure>\n","protected":false},"excerpt":{"rendered":"<p>El Club Atl\u00e9tico Villa San Carlos lanz\u00f3 una nueva equipaci\u00f3n para concientizar y sensibilizar sobre el c\u00e1ncer de mama. La indumentaria ser\u00e1 utilizada en los partidos de la Primera B y suma un nuevo cap\u00edtulo en la lucha de la instituci\u00f3n de Berisso por las causas justas. En el marco del Mes de Sensibilizaci\u00f3n sobre [&#8230;]\n","protected":false},"author":1,"featured_media":27086,"comment_status":"closed","ping_status":"","sticky":false,"template":"","format":"standard","meta":{"footnotes":""},"categories":[4,19,152],"tags":[5,20,153],"class_list":["post-27085","post","type-post","status-publish","format-standard","has-post-thumbnail","hentry","category-futbol-1ra-division","category-institucional","category-marketing","tag-futbol-1ra-division","tag-institucional","tag-marketing"],"_links":{"self":[{"href":"https:\/\/villasancarlos.club\/vsc\/wp-json\/wp\/v2\/posts\/27085","targetHints":{"allow":["GET"]}}],"collection":[{"href":"https:\/\/villasancarlos.club\/vsc\/wp-json\/wp\/v2\/posts"}],"about":[{"href":"https:\/\/villasancarlos.club\/vsc\/wp-json\/wp\/v2\/types\/post"}],"author":[{"embeddable":true,"href":"https:\/\/villasancarlos.club\/vsc\/wp-json\/wp\/v2\/users\/1"}],"replies":[{"embeddable":true,"href":"https:\/\/villasancarlos.club\/vsc\/wp-json\/wp\/v2\/comments?post=27085"}],"version-history":[{"count":1,"href":"https:\/\/villasancarlos.club\/vsc\/wp-json\/wp\/v2\/posts\/27085\/revisions"}],"predecessor-version":[{"id":27092,"href":"https:\/\/villasancarlos.club\/vsc\/wp-json\/wp\/v2\/posts\/27085\/revisions\/27092"}],"wp:featuredmedia":[{"embeddable":true,"href":"https:\/\/villasancarlos.club\/vsc\/wp-json\/wp\/v2\/media\/27086"}],"wp:attachment":[{"href":"https:\/\/villasancarlos.club\/vsc\/wp-json\/wp\/v2\/media?parent=27085"}],"wp:term":[{"taxonomy":"category","embeddable":true,"href":"https:\/\/villasancarlos.club\/vsc\/wp-json\/wp\/v2\/categories?post=27085"},{"taxonomy":"post_tag","embeddable":true,"href":"https:\/\/villasancarlos.club\/vsc\/wp-json\/wp\/v2\/tags?post=27085"}],"curies":[{"name":"wp","href":"https:\/\/api.w.org\/{rel}","templated":true}]}}