{"id":27067,"date":"2025-09-29T12:10:02","date_gmt":"2025-09-29T15:10:02","guid":{"rendered":"https:\/\/villasancarlos.club\/vsc\/?p=27067"},"modified":"2025-09-30T12:26:49","modified_gmt":"2025-09-30T15:26:49","slug":"con-tres-obras-la-villa-dijo-presente-en-el-evento-de-cultura-afa","status":"publish","type":"post","link":"https:\/\/villasancarlos.club\/vsc\/2025\/09\/con-tres-obras-la-villa-dijo-presente-en-el-evento-de-cultura-afa\/","title":{"rendered":"Con tres obras la &#8220;villa&#8221; dijo presente en el evento de CULTURA AFA."},"content":{"rendered":"\n<h2 class=\"wp-block-heading\">El pasado s\u00e1bado 27 de octubre, el Departamento de Cultura estuvo presente en lo que fue la XX Muestra de Arte &#8220;F\u00fatbol, pasi\u00f3n y Cultura&#8221; 2025. Nuestra instituci\u00f3n debut\u00f3 en este evento con la presentaci\u00f3n de tres obras.\n\n<\/h2>\n\n\n\n<p>El evento se llev\u00f3 adelante en el Espacio Cultural Ad\u00e1n Buenosayres (Eva Per\u00f3n 1400, Parque Chacabuco, CABA), donde participaron unos treinta clubes afiliados a la Asociaci\u00f3n del F\u00fatbol Argentino (AFA) y donde nuestra instituci\u00f3n tuvo su primera intervenci\u00f3n en este nuevo espacio.<\/p>\n\n\n\n<p>Villa San Carlos present\u00f3 las obras del reconocido artista berissense e integrante de la Comisi\u00f3n Directiva; <strong>Edgardo Alberto Crilchu<\/strong>k, quien realiz\u00f3 la obra &#8220;CELEntenario&#8221; con la t\u00e9cnica de acr\u00edlico sobre tela con una medida de 60x40cm.<\/p>\n\n\n\n<figure class=\"wp-block-image size-full\"><img loading=\"lazy\" decoding=\"async\" width=\"1024\" height=\"739\" src=\"https:\/\/villasancarlos.club\/vsc\/wp-content\/uploads\/2025\/09\/IMG_0985.jpg\" alt=\"\" class=\"wp-image-27069\" srcset=\"https:\/\/villasancarlos.club\/vsc\/wp-content\/uploads\/2025\/09\/IMG_0985.jpg 1024w, https:\/\/villasancarlos.club\/vsc\/wp-content\/uploads\/2025\/09\/IMG_0985-998x720.jpg 998w, https:\/\/villasancarlos.club\/vsc\/wp-content\/uploads\/2025\/09\/IMG_0985-768x554.jpg 768w, https:\/\/villasancarlos.club\/vsc\/wp-content\/uploads\/2025\/09\/IMG_0985-510x368.jpg 510w\" sizes=\"auto, (max-width: 1024px) 100vw, 1024px\" \/><figcaption class=\"wp-element-caption\"><strong>CELEntenario<\/strong> &#8211; Edgardo Crilchuk<\/figcaption><\/figure>\n\n\n\n<p>Otra de las obras presentes fue la de la artista <strong>Marina Miwszuk<\/strong> con su obra &#8220;Orgullo de la Ciudad&#8221; , realizada con t\u00e9cnica mixta y con una medida de 30x40cm.<\/p>\n\n\n\n<figure class=\"wp-block-image size-full\"><img loading=\"lazy\" decoding=\"async\" width=\"1024\" height=\"739\" src=\"https:\/\/villasancarlos.club\/vsc\/wp-content\/uploads\/2025\/09\/IMG_940.jpg\" alt=\"\" class=\"wp-image-27070\" srcset=\"https:\/\/villasancarlos.club\/vsc\/wp-content\/uploads\/2025\/09\/IMG_940.jpg 1024w, https:\/\/villasancarlos.club\/vsc\/wp-content\/uploads\/2025\/09\/IMG_940-998x720.jpg 998w, https:\/\/villasancarlos.club\/vsc\/wp-content\/uploads\/2025\/09\/IMG_940-768x554.jpg 768w, https:\/\/villasancarlos.club\/vsc\/wp-content\/uploads\/2025\/09\/IMG_940-510x368.jpg 510w\" sizes=\"auto, (max-width: 1024px) 100vw, 1024px\" \/><figcaption class=\"wp-element-caption\"><strong>Orgullo de la Ciudad <\/strong>&#8211; Marina Miwszuk<\/figcaption><\/figure>\n\n\n\n<p>Por \u00faltima, la artista <strong>Andrea March\u00e1n<\/strong> present\u00f3 su obra titulada &#8220;Lo que somos&#8221; , realizada con la t\u00e9cnica de acuarela y tinta sobre papel con una medida de 29,5x42cm.<\/p>\n\n\n\n<figure class=\"wp-block-image size-full\"><img loading=\"lazy\" decoding=\"async\" width=\"1024\" height=\"739\" src=\"https:\/\/villasancarlos.club\/vsc\/wp-content\/uploads\/2025\/09\/DSC_386.jpg\" alt=\"\" class=\"wp-image-27071\" srcset=\"https:\/\/villasancarlos.club\/vsc\/wp-content\/uploads\/2025\/09\/DSC_386.jpg 1024w, https:\/\/villasancarlos.club\/vsc\/wp-content\/uploads\/2025\/09\/DSC_386-998x720.jpg 998w, https:\/\/villasancarlos.club\/vsc\/wp-content\/uploads\/2025\/09\/DSC_386-768x554.jpg 768w, https:\/\/villasancarlos.club\/vsc\/wp-content\/uploads\/2025\/09\/DSC_386-510x368.jpg 510w\" sizes=\"auto, (max-width: 1024px) 100vw, 1024px\" \/><figcaption class=\"wp-element-caption\"><strong>Lo que somos<\/strong> &#8211; Andrea March\u00e1n<\/figcaption><\/figure>\n\n\n\n<p>El Club estuvo a la altura, participando junto a prestigiosas instituciones del pa\u00eds. Agradecemos a cada artista que trabaj\u00f3 para representar de la mejor manera a Villa San Carlos.<\/p>\n\n\n\n<figure class=\"wp-block-image size-full\"><img loading=\"lazy\" decoding=\"async\" width=\"1024\" height=\"739\" src=\"https:\/\/villasancarlos.club\/vsc\/wp-content\/uploads\/2025\/09\/IMG_0957.jpg\" alt=\"\" class=\"wp-image-27072\" srcset=\"https:\/\/villasancarlos.club\/vsc\/wp-content\/uploads\/2025\/09\/IMG_0957.jpg 1024w, https:\/\/villasancarlos.club\/vsc\/wp-content\/uploads\/2025\/09\/IMG_0957-998x720.jpg 998w, https:\/\/villasancarlos.club\/vsc\/wp-content\/uploads\/2025\/09\/IMG_0957-768x554.jpg 768w, https:\/\/villasancarlos.club\/vsc\/wp-content\/uploads\/2025\/09\/IMG_0957-510x368.jpg 510w\" sizes=\"auto, (max-width: 1024px) 100vw, 1024px\" \/><figcaption class=\"wp-element-caption\"><strong>Representantes villeros del Departamento de Cultura Villa San Carlos.<\/strong><\/figcaption><\/figure>\n\n\n\n<h2 class=\"wp-block-heading\"><strong>Las instituciones presentes fueron <\/strong><\/h2>\n\n\n\n<p>Club Atl\u00e9tico Acassuso<\/p>\n\n\n\n<p>Club Atl\u00e9tico Aldosivi<\/p>\n\n\n\n<p>Club Atl\u00e9tico Banfield<\/p>\n\n\n\n<p>Club Atl\u00e9tico Belgrano<\/p>\n\n\n\n<p>Club Atl\u00e9tico Boca Juniors<\/p>\n\n\n\n<p>Club Atl\u00e9tico Chacarita Juniors<\/p>\n\n\n\n<p>Club Atl\u00e9tico Col\u00f3n<\/p>\n\n\n\n<p>Club Atl\u00e9tico Excursionistas<\/p>\n\n\n\n<p>Club Atl\u00e9tico General Lamadrid<\/p>\n\n\n\n<p>Club Atl\u00e9tico Gimnasia y Esgrima<\/p>\n\n\n\n<p>Club Atl\u00e9tico Independiente<\/p>\n\n\n\n<p>Club Atl\u00e9tico Lan\u00fas<\/p>\n\n\n\n<p>Club Atl\u00e9tico Los Andes<\/p>\n\n\n\n<p>Club Atl\u00e9tico Newell\u2019s Old Boys<\/p>\n\n\n\n<p>Club Atl\u00e9tico Platense<\/p>\n\n\n\n<p>Club Atl\u00e9tico San Lorenzo de Almagro<\/p>\n\n\n\n<p>Club Atl\u00e9tico San Mart\u00edn de Tucum\u00e1n<\/p>\n\n\n\n<p>Club Atl\u00e9tico Temperley<\/p>\n\n\n\n<p>Club Atl\u00e9tico Tigre<\/p>\n\n\n\n<p>Club Atl\u00e9tico V\u00e9lez Sarsfield<\/p>\n\n\n\n<p><strong>Club Atl\u00e9tico Villa San Carlos<\/strong><\/p>\n\n\n\n<p>Club Atl\u00e9tico River Plate<\/p>\n\n\n\n<p>Club de Gimnasia y Esgrima La Plata<\/p>\n\n\n\n<p>Club Deportivo Espa\u00f1ol<\/p>\n\n\n\n<p>Club Ferro Carril Oeste<\/p>\n\n\n\n<p>Club Social y Cultural Deportivo Laferrere<\/p>\n\n\n\n<p>Club Social y Deportivo Yupanqui<\/p>\n\n\n\n<p>Racing Club<\/p>\n","protected":false},"excerpt":{"rendered":"<p>El pasado s\u00e1bado 27 de octubre, el Departamento de Cultura estuvo presente en lo que fue la XX Muestra de Arte &#8220;F\u00fatbol, pasi\u00f3n y Cultura&#8221; 2025. Nuestra instituci\u00f3n debut\u00f3 en este evento con la presentaci\u00f3n de tres obras. El evento se llev\u00f3 adelante en el Espacio Cultural Ad\u00e1n Buenosayres (Eva Per\u00f3n 1400, Parque Chacabuco, CABA), [&#8230;]\n","protected":false},"author":1,"featured_media":27068,"comment_status":"closed","ping_status":"","sticky":false,"template":"","format":"standard","meta":{"footnotes":""},"categories":[208],"tags":[209],"class_list":["post-27067","post","type-post","status-publish","format-standard","has-post-thumbnail","hentry","category-block-idauto-draft","tag-cultura"],"_links":{"self":[{"href":"https:\/\/villasancarlos.club\/vsc\/wp-json\/wp\/v2\/posts\/27067","targetHints":{"allow":["GET"]}}],"collection":[{"href":"https:\/\/villasancarlos.club\/vsc\/wp-json\/wp\/v2\/posts"}],"about":[{"href":"https:\/\/villasancarlos.club\/vsc\/wp-json\/wp\/v2\/types\/post"}],"author":[{"embeddable":true,"href":"https:\/\/villasancarlos.club\/vsc\/wp-json\/wp\/v2\/users\/1"}],"replies":[{"embeddable":true,"href":"https:\/\/villasancarlos.club\/vsc\/wp-json\/wp\/v2\/comments?post=27067"}],"version-history":[{"count":1,"href":"https:\/\/villasancarlos.club\/vsc\/wp-json\/wp\/v2\/posts\/27067\/revisions"}],"predecessor-version":[{"id":27073,"href":"https:\/\/villasancarlos.club\/vsc\/wp-json\/wp\/v2\/posts\/27067\/revisions\/27073"}],"wp:featuredmedia":[{"embeddable":true,"href":"https:\/\/villasancarlos.club\/vsc\/wp-json\/wp\/v2\/media\/27068"}],"wp:attachment":[{"href":"https:\/\/villasancarlos.club\/vsc\/wp-json\/wp\/v2\/media?parent=27067"}],"wp:term":[{"taxonomy":"category","embeddable":true,"href":"https:\/\/villasancarlos.club\/vsc\/wp-json\/wp\/v2\/categories?post=27067"},{"taxonomy":"post_tag","embeddable":true,"href":"https:\/\/villasancarlos.club\/vsc\/wp-json\/wp\/v2\/tags?post=27067"}],"curies":[{"name":"wp","href":"https:\/\/api.w.org\/{rel}","templated":true}]}}