{"id":27061,"date":"2025-09-04T12:43:17","date_gmt":"2025-09-04T15:43:17","guid":{"rendered":"https:\/\/villasancarlos.club\/vsc\/?p=27061"},"modified":"2025-09-24T12:45:47","modified_gmt":"2025-09-24T15:45:47","slug":"el-villero-visita-al-accia","status":"publish","type":"post","link":"https:\/\/villasancarlos.club\/vsc\/2025\/09\/el-villero-visita-al-accia\/","title":{"rendered":"EL VILLERO VISITA AL ACCIA"},"content":{"rendered":"\n<h2 class=\"wp-block-heading\">Este Viernes 5 de Septiembre, desde las 15.30, Villa San Carlos enfrentar\u00e1 a Sportivo Italiano por la d\u00e9cima primera fecha  del Torneo Clausura de la Primera B en el Estadio Rep\u00fablica de Italia.<\/h2>\n\n\n\n<p>El equipo dirigido por Pablo Miranda llega a este compromiso tras un empate sin goles ante Midland en la fecha anterior. Por el lado del conjunto local, viene de empatar 1-1 ante Real Pilar. El \u00faltimo enfrentamiento entre ambos equipos fue el 19 de Abril del 2025 por la d\u00e9cimo primera fecha del Torneo Apertura de la Primera B, fue victoria 2-1 del Cele en el Estadio Gennacio S\u00e1lice. El \u00e1rbitro fue Marcos Recalde. <\/p>\n\n\n\n<p>El encuentro ser\u00e1 dirigido por Juli\u00e1n Beligoy quien tendr\u00e1 la responsabilidad de impartir justicia en un duelo que promete ser intenso. La pelota comenzar\u00e1 a rodar a partir de las 15:30<\/p>\n\n\n\n<p><\/p>\n","protected":false},"excerpt":{"rendered":"<p>Este Viernes 5 de Septiembre, desde las 15.30, Villa San Carlos enfrentar\u00e1 a Sportivo Italiano por la d\u00e9cima primera fecha del Torneo Clausura de la Primera B en el Estadio Rep\u00fablica de Italia. El equipo dirigido por Pablo Miranda llega a este compromiso tras un empate sin goles ante Midland en la fecha anterior. Por [&#8230;]\n","protected":false},"author":1,"featured_media":27062,"comment_status":"closed","ping_status":"","sticky":false,"template":"","format":"standard","meta":{"footnotes":""},"categories":[4],"tags":[5],"class_list":["post-27061","post","type-post","status-publish","format-standard","has-post-thumbnail","hentry","category-futbol-1ra-division","tag-futbol-1ra-division"],"_links":{"self":[{"href":"https:\/\/villasancarlos.club\/vsc\/wp-json\/wp\/v2\/posts\/27061","targetHints":{"allow":["GET"]}}],"collection":[{"href":"https:\/\/villasancarlos.club\/vsc\/wp-json\/wp\/v2\/posts"}],"about":[{"href":"https:\/\/villasancarlos.club\/vsc\/wp-json\/wp\/v2\/types\/post"}],"author":[{"embeddable":true,"href":"https:\/\/villasancarlos.club\/vsc\/wp-json\/wp\/v2\/users\/1"}],"replies":[{"embeddable":true,"href":"https:\/\/villasancarlos.club\/vsc\/wp-json\/wp\/v2\/comments?post=27061"}],"version-history":[{"count":1,"href":"https:\/\/villasancarlos.club\/vsc\/wp-json\/wp\/v2\/posts\/27061\/revisions"}],"predecessor-version":[{"id":27063,"href":"https:\/\/villasancarlos.club\/vsc\/wp-json\/wp\/v2\/posts\/27061\/revisions\/27063"}],"wp:featuredmedia":[{"embeddable":true,"href":"https:\/\/villasancarlos.club\/vsc\/wp-json\/wp\/v2\/media\/27062"}],"wp:attachment":[{"href":"https:\/\/villasancarlos.club\/vsc\/wp-json\/wp\/v2\/media?parent=27061"}],"wp:term":[{"taxonomy":"category","embeddable":true,"href":"https:\/\/villasancarlos.club\/vsc\/wp-json\/wp\/v2\/categories?post=27061"},{"taxonomy":"post_tag","embeddable":true,"href":"https:\/\/villasancarlos.club\/vsc\/wp-json\/wp\/v2\/tags?post=27061"}],"curies":[{"name":"wp","href":"https:\/\/api.w.org\/{rel}","templated":true}]}}