{"id":27035,"date":"2025-09-24T10:32:21","date_gmt":"2025-09-24T13:32:21","guid":{"rendered":"https:\/\/villasancarlos.club\/vsc\/?p=27035"},"modified":"2025-09-24T10:34:42","modified_gmt":"2025-09-24T13:34:42","slug":"presencia-villera-en-la-xx-muestra-de-arte-de-cultura-afa","status":"publish","type":"post","link":"https:\/\/villasancarlos.club\/vsc\/2025\/09\/presencia-villera-en-la-xx-muestra-de-arte-de-cultura-afa\/","title":{"rendered":"Presencia villera en la XX muestra de Arte de Cultura AFA"},"content":{"rendered":"\n<h2 class=\"wp-block-heading\">Este s\u00e1bado 27, a partir de las 17hs Villa San Carlos ser\u00e1 participe de la XX edici\u00f3n de la muestra Pl\u00e1stica &#8220;F\u00fatbol, Pasi\u00f3n y Cultura&#8221; en el marco del 25\u00ba aniversario de la AFA.<\/h2>\n\n\n\n<p>A trav\u00e9s del Departamento de Cultura, el Club Atl\u00e9tico Villa San Carlos dir\u00e1 presente en la vig\u00e9sima edici\u00f3n de la Muestra Pl\u00e1stica &#8220;F\u00fatbol, Pasi\u00f3n y Cultura&#8221; llevada adelante por Cultura AFA. La misma se desarrollar\u00e1 en el Espacio Cultural Ad\u00e1n Buenosayres (Av. Eva Per\u00f3n 1400, Parque Chacabuco). <\/p>\n\n\n\n<p>Este evento contar\u00e1 con la participaci\u00f3n de m\u00e1s de treinta clubes afiliados a la Asociaci\u00f3n del F\u00fatbol Argentino, entre ellos nuestra instituci\u00f3n, quien dir\u00e1 presente con  las obras de los artistas Edgado Crilchuk, Marina Miwszuk y Andrea March\u00f1an. M\u00e1s de  sesenta obras representativas de la identidad, los colores, la pasi\u00f3n y la cultura de cada instituci\u00f3n se reflejar\u00e1n este s\u00e1bado. La muestra permanecer\u00e1 abierta hasta el 11 de octubre.<\/p>\n\n\n\n<h2 class=\"wp-block-heading\">Los clubes que participar\u00e1n en la presente edici\u00f3n de la muestra son:<\/h2>\n\n\n\n<p>Club Atl\u00e9tico Acassuso<\/p>\n\n\n\n<p>Club Atl\u00e9tico Aldosivi<\/p>\n\n\n\n<p>Club Atl\u00e9tico Banfield<\/p>\n\n\n\n<p>Club Atl\u00e9tico Belgrano<\/p>\n\n\n\n<p>Club Atl\u00e9tico Boca Juniors<\/p>\n\n\n\n<p>Club Atl\u00e9tico Chacarita Juniors<\/p>\n\n\n\n<p>Club Atl\u00e9tico Col\u00f3n<\/p>\n\n\n\n<p>Club Atl\u00e9tico Excursionistas<\/p>\n\n\n\n<p>Club Atl\u00e9tico General Lamadrid<\/p>\n\n\n\n<p>Club Atl\u00e9tico Gimnasia y Esgrima<\/p>\n\n\n\n<p>Club Atl\u00e9tico Independiente<\/p>\n\n\n\n<p>Club Atl\u00e9tico Lan\u00fas<\/p>\n\n\n\n<p>Club Atl\u00e9tico Los Andes<\/p>\n\n\n\n<p>Club Atl\u00e9tico Newell&#8217;s Old Boys<\/p>\n\n\n\n<p>Club Atl\u00e9tico Platense<\/p>\n\n\n\n<p>Club Atl\u00e9tico San Lorenzo de Almagro<\/p>\n\n\n\n<p>Club Atl\u00e9tico San Mart\u00edn de Tucum\u00e1n<\/p>\n\n\n\n<p>Club Atl\u00e9tico Temperley<\/p>\n\n\n\n<p>Club Atl\u00e9tico Tigre<\/p>\n\n\n\n<p>Club Atl\u00e9tico V\u00e9lez Sarsfield<\/p>\n\n\n\n<p><strong>Club Atl\u00e9tico Villa San Carlos<\/strong><\/p>\n\n\n\n<p>Club Atl\u00e9tico River Plate<\/p>\n\n\n\n<p>Club de Gimnasia y Esgrima La Plata<\/p>\n\n\n\n<p>Club Deportivo Espa\u00f1ol<\/p>\n\n\n\n<p>Club Ferro Carril Oeste<\/p>\n\n\n\n<p>Club Social y Cultural Deportivo Laferrere<\/p>\n\n\n\n<p>Club Social y Deportivo Yupanqui<\/p>\n\n\n\n<p>Racing Club<\/p>\n\n\n\n<p><\/p>\n","protected":false},"excerpt":{"rendered":"<p>Este s\u00e1bado 27, a partir de las 17hs Villa San Carlos ser\u00e1 participe de la XX edici\u00f3n de la muestra Pl\u00e1stica &#8220;F\u00fatbol, Pasi\u00f3n y Cultura&#8221; en el marco del 25\u00ba aniversario de la AFA. A trav\u00e9s del Departamento de Cultura, el Club Atl\u00e9tico Villa San Carlos dir\u00e1 presente en la vig\u00e9sima edici\u00f3n de la Muestra [&#8230;]\n","protected":false},"author":1,"featured_media":27042,"comment_status":"closed","ping_status":"","sticky":false,"template":"","format":"standard","meta":{"footnotes":""},"categories":[208],"tags":[209],"class_list":["post-27035","post","type-post","status-publish","format-standard","has-post-thumbnail","hentry","category-block-idauto-draft","tag-cultura"],"_links":{"self":[{"href":"https:\/\/villasancarlos.club\/vsc\/wp-json\/wp\/v2\/posts\/27035","targetHints":{"allow":["GET"]}}],"collection":[{"href":"https:\/\/villasancarlos.club\/vsc\/wp-json\/wp\/v2\/posts"}],"about":[{"href":"https:\/\/villasancarlos.club\/vsc\/wp-json\/wp\/v2\/types\/post"}],"author":[{"embeddable":true,"href":"https:\/\/villasancarlos.club\/vsc\/wp-json\/wp\/v2\/users\/1"}],"replies":[{"embeddable":true,"href":"https:\/\/villasancarlos.club\/vsc\/wp-json\/wp\/v2\/comments?post=27035"}],"version-history":[{"count":2,"href":"https:\/\/villasancarlos.club\/vsc\/wp-json\/wp\/v2\/posts\/27035\/revisions"}],"predecessor-version":[{"id":27041,"href":"https:\/\/villasancarlos.club\/vsc\/wp-json\/wp\/v2\/posts\/27035\/revisions\/27041"}],"wp:featuredmedia":[{"embeddable":true,"href":"https:\/\/villasancarlos.club\/vsc\/wp-json\/wp\/v2\/media\/27042"}],"wp:attachment":[{"href":"https:\/\/villasancarlos.club\/vsc\/wp-json\/wp\/v2\/media?parent=27035"}],"wp:term":[{"taxonomy":"category","embeddable":true,"href":"https:\/\/villasancarlos.club\/vsc\/wp-json\/wp\/v2\/categories?post=27035"},{"taxonomy":"post_tag","embeddable":true,"href":"https:\/\/villasancarlos.club\/vsc\/wp-json\/wp\/v2\/tags?post=27035"}],"curies":[{"name":"wp","href":"https:\/\/api.w.org\/{rel}","templated":true}]}}