{"id":26920,"date":"2025-08-30T11:09:13","date_gmt":"2025-08-30T14:09:13","guid":{"rendered":"https:\/\/villasancarlos.club\/vsc\/?p=26920"},"modified":"2025-09-16T11:32:29","modified_gmt":"2025-09-16T14:32:29","slug":"los-premios-julio-morin-son-una-realidad","status":"publish","type":"post","link":"https:\/\/villasancarlos.club\/vsc\/2025\/08\/los-premios-julio-morin-son-una-realidad\/","title":{"rendered":"LOS PREMIOS JULIO MORIN SON UNA REALIDAD"},"content":{"rendered":"\n<h2 class=\"wp-block-heading\">En una jornada hist\u00f3rica, Villa San Carlos escribi\u00f3 una nueva p\u00e1gina en su Centenario.<\/h2>\n\n\n\n<p>En el marco de los festejos por los 100 a\u00f1os, el Club Atl\u00e9tico Villa San Carlos, a trav\u00e9s del Departamento de Cultura realiz\u00f3 la primera edici\u00f3n de los premios Julio Morin a personalidades destacadas del \u00e1mbito cultural.<\/p>\n\n\n\n<p>En la sede social del Club Atl\u00e9tico Villa San Carlos, en avenida Montevideo y 25, se escribi\u00f3 una nueva p\u00e1gina en los 100 a\u00f1os de historia de la instituci\u00f3n de Berisso. Es que, por primera vez, se llev\u00f3 a cabo la entrega de premios culturales a personalidades destacadas y vinculadas con el Villero, o como se\u00f1alaron desde la organizaci\u00f3n: \u201cPremios a Villeros de la cultura\u201d.<\/p>\n\n\n\n<p>La jornada, que cont\u00f3 con la participaci\u00f3n de de vecinos, socios y simpatizantes, estuvo signada por la emoci\u00f3n y el compa\u00f1erismo. En concreto, una decena de artistas vinculados al club centenario fueron galardonados al mismo tiempo que se homenaje\u00f3 al expresidente del Club, Julio Morin, quien fuera director de orquesta, compositor y bandoneonista.<\/p>\n\n\n\n<p>Entre los agasajados estuvieron el artista pl\u00e1stico<strong> Mart\u00edn Reche<\/strong>; los m\u00fasicos<strong> Pablo G\u00edmenez<\/strong>, <strong>Daniel Castelli, Germ\u00e1n Fratarcangelli, Carlos <\/strong>y <strong>Lisandro Pejcovich<\/strong>; la escritora<strong> \u00c1ngela Gentile<\/strong>; el muralista <strong>Cristian Delvito<\/strong>; y el pintor<strong> Edgardo Crilchuk<\/strong>. Adem\u00e1s, se realiz\u00f3 una menci\u00f3n especial para <strong>Dar\u00edo Gonz\u00e1lez,<\/strong> actual prosecretario de Cultura, Prensa y Relaciones P\u00fablicas de la instituci\u00f3n, con varias d\u00e9cadas ligadas a la escritura y el arte.<\/p>\n\n\n\n<figure class=\"wp-block-image size-large\"><img loading=\"lazy\" decoding=\"async\" width=\"1349\" height=\"900\" src=\"https:\/\/villasancarlos.club\/vsc\/wp-content\/uploads\/2025\/09\/DSC_0426-1349x900.jpg\" alt=\"\" class=\"wp-image-26923\" srcset=\"https:\/\/villasancarlos.club\/vsc\/wp-content\/uploads\/2025\/09\/DSC_0426-1349x900.jpg 1349w, https:\/\/villasancarlos.club\/vsc\/wp-content\/uploads\/2025\/09\/DSC_0426-1079x720.jpg 1079w, https:\/\/villasancarlos.club\/vsc\/wp-content\/uploads\/2025\/09\/DSC_0426-768x512.jpg 768w, https:\/\/villasancarlos.club\/vsc\/wp-content\/uploads\/2025\/09\/DSC_0426-1536x1025.jpg 1536w, https:\/\/villasancarlos.club\/vsc\/wp-content\/uploads\/2025\/09\/DSC_0426-2048x1367.jpg 2048w, https:\/\/villasancarlos.club\/vsc\/wp-content\/uploads\/2025\/09\/DSC_0426-510x340.jpg 510w\" sizes=\"auto, (max-width: 1349px) 100vw, 1349px\" \/><\/figure>\n\n\n\n<p>De esa manera, Villa San Carlos fortalece el v\u00ednculo con la cultura local y regional. Al mismo tiempo que da cuenta del rol de las asociaciones civiles sin fines de lucro en defensa de la memoria y la identidad de una ciudad con una historia m\u00e1s que rica. En su centenario, la Villa mantiene viva la impronta cultural de Berisso y hace camino al andar.<\/p>\n\n\n\n<figure class=\"wp-block-image size-large\"><img loading=\"lazy\" decoding=\"async\" width=\"1349\" height=\"900\" src=\"https:\/\/villasancarlos.club\/vsc\/wp-content\/uploads\/2025\/09\/DSC_0032-1349x900.jpg\" alt=\"\" class=\"wp-image-26924\" srcset=\"https:\/\/villasancarlos.club\/vsc\/wp-content\/uploads\/2025\/09\/DSC_0032-1349x900.jpg 1349w, https:\/\/villasancarlos.club\/vsc\/wp-content\/uploads\/2025\/09\/DSC_0032-1079x720.jpg 1079w, https:\/\/villasancarlos.club\/vsc\/wp-content\/uploads\/2025\/09\/DSC_0032-768x512.jpg 768w, https:\/\/villasancarlos.club\/vsc\/wp-content\/uploads\/2025\/09\/DSC_0032-1536x1025.jpg 1536w, https:\/\/villasancarlos.club\/vsc\/wp-content\/uploads\/2025\/09\/DSC_0032-2048x1367.jpg 2048w, https:\/\/villasancarlos.club\/vsc\/wp-content\/uploads\/2025\/09\/DSC_0032-510x340.jpg 510w\" sizes=\"auto, (max-width: 1349px) 100vw, 1349px\" \/><\/figure>\n","protected":false},"excerpt":{"rendered":"<p>En una jornada hist\u00f3rica, Villa San Carlos escribi\u00f3 una nueva p\u00e1gina en su Centenario. En el marco de los festejos por los 100 a\u00f1os, el Club Atl\u00e9tico Villa San Carlos, a trav\u00e9s del Departamento de Cultura realiz\u00f3 la primera edici\u00f3n de los premios Julio Morin a personalidades destacadas del \u00e1mbito cultural. En la sede social [&#8230;]\n","protected":false},"author":1,"featured_media":26922,"comment_status":"closed","ping_status":"","sticky":false,"template":"","format":"standard","meta":{"footnotes":""},"categories":[208],"tags":[209],"class_list":["post-26920","post","type-post","status-publish","format-standard","has-post-thumbnail","hentry","category-block-idauto-draft","tag-cultura"],"_links":{"self":[{"href":"https:\/\/villasancarlos.club\/vsc\/wp-json\/wp\/v2\/posts\/26920","targetHints":{"allow":["GET"]}}],"collection":[{"href":"https:\/\/villasancarlos.club\/vsc\/wp-json\/wp\/v2\/posts"}],"about":[{"href":"https:\/\/villasancarlos.club\/vsc\/wp-json\/wp\/v2\/types\/post"}],"author":[{"embeddable":true,"href":"https:\/\/villasancarlos.club\/vsc\/wp-json\/wp\/v2\/users\/1"}],"replies":[{"embeddable":true,"href":"https:\/\/villasancarlos.club\/vsc\/wp-json\/wp\/v2\/comments?post=26920"}],"version-history":[{"count":1,"href":"https:\/\/villasancarlos.club\/vsc\/wp-json\/wp\/v2\/posts\/26920\/revisions"}],"predecessor-version":[{"id":26925,"href":"https:\/\/villasancarlos.club\/vsc\/wp-json\/wp\/v2\/posts\/26920\/revisions\/26925"}],"wp:featuredmedia":[{"embeddable":true,"href":"https:\/\/villasancarlos.club\/vsc\/wp-json\/wp\/v2\/media\/26922"}],"wp:attachment":[{"href":"https:\/\/villasancarlos.club\/vsc\/wp-json\/wp\/v2\/media?parent=26920"}],"wp:term":[{"taxonomy":"category","embeddable":true,"href":"https:\/\/villasancarlos.club\/vsc\/wp-json\/wp\/v2\/categories?post=26920"},{"taxonomy":"post_tag","embeddable":true,"href":"https:\/\/villasancarlos.club\/vsc\/wp-json\/wp\/v2\/tags?post=26920"}],"curies":[{"name":"wp","href":"https:\/\/api.w.org\/{rel}","templated":true}]}}