{"id":26748,"date":"2025-07-25T11:50:00","date_gmt":"2025-07-25T14:50:00","guid":{"rendered":"https:\/\/villasancarlos.club\/vsc\/?p=26748"},"modified":"2025-07-28T11:58:34","modified_gmt":"2025-07-28T14:58:34","slug":"german-fratarcangelli-presente-en-el-gennacio","status":"publish","type":"post","link":"https:\/\/villasancarlos.club\/vsc\/2025\/07\/german-fratarcangelli-presente-en-el-gennacio\/","title":{"rendered":"Germ\u00e1n Fratarcangelli presente en el Gennacio"},"content":{"rendered":"\n<h2 class=\"wp-block-heading\">En el \u00faltimo enfrentamiento como local frente a Villa D\u00e1lmine por la quinta fecha del Torneo Clausura de Primera B, recibimos la visita del m\u00fasico y compositor local, Germ\u00e1n Fratarcangelli, vecino de la ciudad e hincha del Club. <\/h2>\n\n\n\n<p>Como en cada encuentro de local, el Departamento de Cultura del Club lleva a diferentes artistas culturales ligados a la Ciudad de Berisso. En esta oportunidad, quien visit\u00f3 el Estadio Gennacio S\u00e1lice fue el reconocido acordeonista local, Germ\u00e1n Fratarcangelli, vecino del barrio e hincha del Club.<\/p>\n\n\n\n<p>Germ\u00e1n se cri\u00f3 en el barrio, a solo dos cuadras del estadio, donde sigue viviendo en la actualidad. Desde chico jugaba en la vieja cancha con su grupo de amigos. Hoy con un Gennacio totalmente renovado se acuerda de aquellos viejos tiempos.<\/p>\n\n\n\n<p>El m\u00fasico y compositor fue multipremiado a nivel nacional e internacional. Adem\u00e1s trabaj\u00f3 con grandes artistas del pa\u00eds como el &#8220;chaque\u00f1o&#8221; Palavecino entre otros.<\/p>\n\n\n\n<p> La Comisi\u00f3n Directiva del Club encabezado por Juan Manuel C\u00f3rdoba, junto al Secretario de Cultura; Alan Molina, le hicieron entrega de una distinci\u00f3n en el marco del centenario del Club. <\/p>\n\n\n\n<figure class=\"wp-block-image size-large\"><img loading=\"lazy\" decoding=\"async\" width=\"1200\" height=\"900\" src=\"https:\/\/villasancarlos.club\/vsc\/wp-content\/uploads\/2025\/07\/IMG_6935-1200x900.jpeg\" alt=\"\" class=\"wp-image-26753\" srcset=\"https:\/\/villasancarlos.club\/vsc\/wp-content\/uploads\/2025\/07\/IMG_6935-1200x900.jpeg 1200w, https:\/\/villasancarlos.club\/vsc\/wp-content\/uploads\/2025\/07\/IMG_6935-scaled-510x383.jpeg 510w, https:\/\/villasancarlos.club\/vsc\/wp-content\/uploads\/2025\/07\/IMG_6935-960x720.jpeg 960w, https:\/\/villasancarlos.club\/vsc\/wp-content\/uploads\/2025\/07\/IMG_6935-768x576.jpeg 768w, https:\/\/villasancarlos.club\/vsc\/wp-content\/uploads\/2025\/07\/IMG_6935-1536x1152.jpeg 1536w, https:\/\/villasancarlos.club\/vsc\/wp-content\/uploads\/2025\/07\/IMG_6935-2048x1536.jpeg 2048w\" sizes=\"auto, (max-width: 1200px) 100vw, 1200px\" \/><\/figure>\n\n\n\n<p>Como no podr\u00eda ser de otra manera, nos deleit\u00f3 con su acorde\u00f3n.<\/p>\n\n\n\n<p><\/p>\n\n\n<p><iframe loading=\"lazy\" title=\"YouTube video player\" src=\"https:\/\/www.youtube.com\/embed\/lr_olcOSh78?si=jGtCsejBbBnxxFph\" width=\"560\" height=\"315\" frameborder=\"0\" allowfullscreen=\"allowfullscreen\"><\/iframe><\/p>\n\n\n<p><\/p>\n\n\n\n<p><\/p>\n","protected":false},"excerpt":{"rendered":"<p>En el \u00faltimo enfrentamiento como local frente a Villa D\u00e1lmine por la quinta fecha del Torneo Clausura de Primera B, recibimos la visita del m\u00fasico y compositor local, Germ\u00e1n Fratarcangelli, vecino de la ciudad e hincha del Club. Como en cada encuentro de local, el Departamento de Cultura del Club lleva a diferentes artistas culturales [&#8230;]\n","protected":false},"author":1,"featured_media":26752,"comment_status":"closed","ping_status":"closed","sticky":false,"template":"","format":"standard","meta":{"footnotes":""},"categories":[208],"tags":[209],"class_list":["post-26748","post","type-post","status-publish","format-standard","has-post-thumbnail","hentry","category-block-idauto-draft","tag-cultura"],"_links":{"self":[{"href":"https:\/\/villasancarlos.club\/vsc\/wp-json\/wp\/v2\/posts\/26748","targetHints":{"allow":["GET"]}}],"collection":[{"href":"https:\/\/villasancarlos.club\/vsc\/wp-json\/wp\/v2\/posts"}],"about":[{"href":"https:\/\/villasancarlos.club\/vsc\/wp-json\/wp\/v2\/types\/post"}],"author":[{"embeddable":true,"href":"https:\/\/villasancarlos.club\/vsc\/wp-json\/wp\/v2\/users\/1"}],"replies":[{"embeddable":true,"href":"https:\/\/villasancarlos.club\/vsc\/wp-json\/wp\/v2\/comments?post=26748"}],"version-history":[{"count":3,"href":"https:\/\/villasancarlos.club\/vsc\/wp-json\/wp\/v2\/posts\/26748\/revisions"}],"predecessor-version":[{"id":26754,"href":"https:\/\/villasancarlos.club\/vsc\/wp-json\/wp\/v2\/posts\/26748\/revisions\/26754"}],"wp:featuredmedia":[{"embeddable":true,"href":"https:\/\/villasancarlos.club\/vsc\/wp-json\/wp\/v2\/media\/26752"}],"wp:attachment":[{"href":"https:\/\/villasancarlos.club\/vsc\/wp-json\/wp\/v2\/media?parent=26748"}],"wp:term":[{"taxonomy":"category","embeddable":true,"href":"https:\/\/villasancarlos.club\/vsc\/wp-json\/wp\/v2\/categories?post=26748"},{"taxonomy":"post_tag","embeddable":true,"href":"https:\/\/villasancarlos.club\/vsc\/wp-json\/wp\/v2\/tags?post=26748"}],"curies":[{"name":"wp","href":"https:\/\/api.w.org\/{rel}","templated":true}]}}