{"id":26734,"date":"2025-07-20T10:58:00","date_gmt":"2025-07-20T13:58:00","guid":{"rendered":"https:\/\/villasancarlos.club\/vsc\/?p=26734"},"modified":"2025-07-26T11:12:55","modified_gmt":"2025-07-26T14:12:55","slug":"jornada-a-medias-ante-san-martin-de-burzaco","status":"publish","type":"post","link":"https:\/\/villasancarlos.club\/vsc\/2025\/07\/jornada-a-medias-ante-san-martin-de-burzaco\/","title":{"rendered":"Jornada a medias ante San Mart\u00edn de Burzaco"},"content":{"rendered":"\n<h2 class=\"wp-block-heading\">El pasado fin de semana se disput\u00f3 la d\u00e9cimo segunda fecha del Torneo de Juveniles B, donde Villa San Carlos se midi\u00f3 ante San Mart\u00edn de Burzaco. Solo pudieron jugar sus encuentros las categor\u00edas menores en Berisso. <\/h2>\n\n\n\n<p>Las divisiones menores se midieron en el Predio &#8220;Pasi\u00f3n Villera&#8221; a su par de San Mart\u00edn de Burzaco, logrando dos triunfos y una una derrota. Por su parte, en Burzaco no se pudo disputar la jornada ya que el \u00e1rbitro consider\u00f3 que no estaban las instalaciones en condiciones.<\/p>\n\n\n\n<p>La pr\u00f3xima fecha ser\u00e1 ante Deportivo Merlo. <\/p>\n\n\n\n<p>A CONTINUACI\u00d3N LOS RESULTADOS DE LA JORNADA:<\/p>\n\n\n\n<p><strong>7MA: Villa San Carlos.2 (Thiago Guarachi y Antonio Rulli) <\/strong>&#8211; San Mart\u00edn.0<\/p>\n\n\n\n<p><strong>8VA: Villa San Carlos.2 (Benjam\u00edn Cr\u00e9dico y Diego Sequeira) <\/strong>&#8211; San Mart\u00edn.1<\/p>\n\n\n\n<p><strong>9NA: Villa San Carlos.0 <\/strong>&#8211; San Mart\u00edn.2<\/p>\n\n\n\n<p><\/p>\n","protected":false},"excerpt":{"rendered":"<p>El pasado fin de semana se disput\u00f3 la d\u00e9cimo segunda fecha del Torneo de Juveniles B, donde Villa San Carlos se midi\u00f3 ante San Mart\u00edn de Burzaco. Solo pudieron jugar sus encuentros las categor\u00edas menores en Berisso. Las divisiones menores se midieron en el Predio &#8220;Pasi\u00f3n Villera&#8221; a su par de San Mart\u00edn de Burzaco, [&#8230;]\n","protected":false},"author":1,"featured_media":26058,"comment_status":"closed","ping_status":"closed","sticky":false,"template":"","format":"standard","meta":{"footnotes":""},"categories":[22],"tags":[23,104],"class_list":["post-26734","post","type-post","status-publish","format-standard","has-post-thumbnail","hentry","category-futbol-juvenil","tag-futbol-juvenil","tag-juveniles-b"],"_links":{"self":[{"href":"https:\/\/villasancarlos.club\/vsc\/wp-json\/wp\/v2\/posts\/26734","targetHints":{"allow":["GET"]}}],"collection":[{"href":"https:\/\/villasancarlos.club\/vsc\/wp-json\/wp\/v2\/posts"}],"about":[{"href":"https:\/\/villasancarlos.club\/vsc\/wp-json\/wp\/v2\/types\/post"}],"author":[{"embeddable":true,"href":"https:\/\/villasancarlos.club\/vsc\/wp-json\/wp\/v2\/users\/1"}],"replies":[{"embeddable":true,"href":"https:\/\/villasancarlos.club\/vsc\/wp-json\/wp\/v2\/comments?post=26734"}],"version-history":[{"count":2,"href":"https:\/\/villasancarlos.club\/vsc\/wp-json\/wp\/v2\/posts\/26734\/revisions"}],"predecessor-version":[{"id":26736,"href":"https:\/\/villasancarlos.club\/vsc\/wp-json\/wp\/v2\/posts\/26734\/revisions\/26736"}],"wp:featuredmedia":[{"embeddable":true,"href":"https:\/\/villasancarlos.club\/vsc\/wp-json\/wp\/v2\/media\/26058"}],"wp:attachment":[{"href":"https:\/\/villasancarlos.club\/vsc\/wp-json\/wp\/v2\/media?parent=26734"}],"wp:term":[{"taxonomy":"category","embeddable":true,"href":"https:\/\/villasancarlos.club\/vsc\/wp-json\/wp\/v2\/categories?post=26734"},{"taxonomy":"post_tag","embeddable":true,"href":"https:\/\/villasancarlos.club\/vsc\/wp-json\/wp\/v2\/tags?post=26734"}],"curies":[{"name":"wp","href":"https:\/\/api.w.org\/{rel}","templated":true}]}}