{"id":26704,"date":"2025-07-20T20:10:00","date_gmt":"2025-07-20T23:10:00","guid":{"rendered":"https:\/\/villasancarlos.club\/vsc\/?p=26704"},"modified":"2025-07-24T11:17:44","modified_gmt":"2025-07-24T14:17:44","slug":"un-empate-con-sabor-amargo","status":"publish","type":"post","link":"https:\/\/villasancarlos.club\/vsc\/2025\/07\/un-empate-con-sabor-amargo\/","title":{"rendered":"Pablo Miranda: &#8220;Un empate con sabor amargo&#8221;"},"content":{"rendered":"\r\n<p>Tras el empate 2-2 ante Villa D\u00e1lmine, el entrenador de Villa San Carlos, Pablo Miranda, analiz\u00f3 con autocr\u00edtica lo sucedido en el estadio Genacio S\u00e1lice y expres\u00f3 su bronca por el resultado final. <strong>\u201cUn empate con sabor amargo, porque considero que hab\u00edamos hecho la diferencia\u201d<\/strong>, afirm\u00f3 en el inicio de la charla.<\/p>\r\n<p>El DT consider\u00f3 que su equipo fue superior durante gran parte del partido: <strong>\u201cHasta el primer gol de ellos no encontraban las formas de lastimarnos. Tuvieron algunas aproximaciones, pero nada del otro mundo\u201d<\/strong>. Sin embargo, reconoci\u00f3 que su decisi\u00f3n de sostener el resultado con una l\u00ednea de cinco defensores fue un error: <strong>\u201cAsumo el error de querer sostener defensivamente el resultado y no ir a buscar el segundo o el tercero\u201d<\/strong>.<\/p>\r\n<p>Sobre el cambio t\u00e1ctico que implic\u00f3 el ingreso de Mauro Garraza por Lucas Ferro, Miranda explic\u00f3 que buscaban reforzar el juego a\u00e9reo ante la presencia de delanteros de \u00e1rea en el rival:<strong> \u201cSab\u00edamos que se iban a poner a centrar y consideraba yo que con Mauro, con el Turco ( Lloyaiy), con Fran (Ojeda), \u00edbamos a poder sostener\u201d<\/strong>.\u00a0<\/p>\r\n<p>En cuanto al desempe\u00f1o individual, destac\u00f3 el partido de Felipe Guallama, quien actu\u00f3 como lateral derecho pese a no ser su posici\u00f3n habitual: \u201c<strong>Estamos muy contentos con \u00e9l. Siempre se entrega, no pone excusas y juega donde lo necesite el equipo\u201d<\/strong>. A\u00f1adi\u00f3 que su esfuerzo fue tan alto que \u201ctermin\u00f3 acalambrado\u201d. Consultado por la falta de control del bal\u00f3n en el segundo tiempo, Miranda fue claro:<strong> \u201cEntregamos la pelota nosotros. Asumo la responsabilidad de poner una l\u00ednea de cinco\u201d<\/strong>.\u00a0<\/p>\r\n<p>Tambi\u00e9n habl\u00f3 del contexto adverso por las ausencias. Dijo que se sinti\u00f3 la falta de experiencia en el mediocampo, sobre todo por las bajas de Juan Ignacio Silva y \u00c1ngel Acosta. Pese a eso, valor\u00f3 el esfuerzo de los juveniles que sumaron minutos: <strong>\u201cEstoy muy conforme con los jugadores que tenemos. Hoy jugaron Juanjo Ram\u00edrez, Lauti Greco, Eze P\u00e9rez, estamos para solucionar, no para quejarnos\u201d.<\/strong>\u00a0<\/p>\r\n<p>Finalmente, m\u00e1s all\u00e1 de la bronca por el empate en el minuto 47 del segundo tiempo, Miranda valor\u00f3 el invicto: <strong>\u201cLlevamos cinco partidos sin perder. El equipo viene madurando en much\u00edsimas cosas\u201d<\/strong>. Asegur\u00f3 que el grupo sigue fuerte: <strong>\u201cNo \u00e9ramos los mejores antes, ni ahora somos los peores. El objetivo es m\u00e1s adelante\u201d, <\/strong>concluyo.<\/p>\r\n","protected":false},"excerpt":{"rendered":"<p>Tras el empate 2-2 ante Villa D\u00e1lmine, el entrenador de Villa San Carlos, Pablo Miranda, analiz\u00f3 con autocr\u00edtica lo sucedido en el estadio Genacio S\u00e1lice y expres\u00f3 su bronca por el resultado final. \u201cUn empate con sabor amargo, porque considero que hab\u00edamos hecho la diferencia\u201d, afirm\u00f3 en el inicio de la charla. El DT consider\u00f3 [&#8230;]\n","protected":false},"author":1,"featured_media":26705,"comment_status":"closed","ping_status":"closed","sticky":false,"template":"","format":"standard","meta":{"footnotes":""},"categories":[4],"tags":[5],"class_list":["post-26704","post","type-post","status-publish","format-standard","has-post-thumbnail","hentry","category-futbol-1ra-division","tag-futbol-1ra-division"],"_links":{"self":[{"href":"https:\/\/villasancarlos.club\/vsc\/wp-json\/wp\/v2\/posts\/26704","targetHints":{"allow":["GET"]}}],"collection":[{"href":"https:\/\/villasancarlos.club\/vsc\/wp-json\/wp\/v2\/posts"}],"about":[{"href":"https:\/\/villasancarlos.club\/vsc\/wp-json\/wp\/v2\/types\/post"}],"author":[{"embeddable":true,"href":"https:\/\/villasancarlos.club\/vsc\/wp-json\/wp\/v2\/users\/1"}],"replies":[{"embeddable":true,"href":"https:\/\/villasancarlos.club\/vsc\/wp-json\/wp\/v2\/comments?post=26704"}],"version-history":[{"count":4,"href":"https:\/\/villasancarlos.club\/vsc\/wp-json\/wp\/v2\/posts\/26704\/revisions"}],"predecessor-version":[{"id":26714,"href":"https:\/\/villasancarlos.club\/vsc\/wp-json\/wp\/v2\/posts\/26704\/revisions\/26714"}],"wp:featuredmedia":[{"embeddable":true,"href":"https:\/\/villasancarlos.club\/vsc\/wp-json\/wp\/v2\/media\/26705"}],"wp:attachment":[{"href":"https:\/\/villasancarlos.club\/vsc\/wp-json\/wp\/v2\/media?parent=26704"}],"wp:term":[{"taxonomy":"category","embeddable":true,"href":"https:\/\/villasancarlos.club\/vsc\/wp-json\/wp\/v2\/categories?post=26704"},{"taxonomy":"post_tag","embeddable":true,"href":"https:\/\/villasancarlos.club\/vsc\/wp-json\/wp\/v2\/tags?post=26704"}],"curies":[{"name":"wp","href":"https:\/\/api.w.org\/{rel}","templated":true}]}}