{"id":26698,"date":"2025-07-20T19:59:00","date_gmt":"2025-07-20T22:59:00","guid":{"rendered":"https:\/\/villasancarlos.club\/vsc\/?p=26698"},"modified":"2025-07-24T11:20:48","modified_gmt":"2025-07-24T14:20:48","slug":"igualdad-ante-villa-dalmine","status":"publish","type":"post","link":"https:\/\/villasancarlos.club\/vsc\/2025\/07\/igualdad-ante-villa-dalmine\/","title":{"rendered":"Igualdad ante Villa Dalmine"},"content":{"rendered":"\r\n<p>Por la quinta fecha del Torneo Clausura de la Primera B, Villa San Carlos igual\u00f3 2-2 ante Villa D\u00e1lmine en el Estadio Gennacio S\u00e1lice. El equipo de Pablo Miranda no pudo sostener la ventaja de dos goles y termin\u00f3 resignando dos puntos en casa.<\/p>\r\n<p>El partido no pudo haber comenzado mejor para el conjunto local. Apenas a los 15 segundos del primer tiempo, Alejandro Lugones desbord\u00f3 por izquierda y envi\u00f3 un centro rasante al coraz\u00f3n del \u00e1rea. Mat\u00edas Samaniego, sin oposici\u00f3n y con el arquero vencido, empuj\u00f3 la pelota al gol para el 1-0 parcial.<\/p>\r\n<p>El complemento mostr\u00f3 otra cara. Villa D\u00e1lmine sali\u00f3 decidido a buscar el empate, generando varias ocasiones que obligaron a intervenir a Tom\u00e1s Akimenco. Sin embargo, cuando m\u00e1s sufr\u00eda el Cele, lleg\u00f3 el segundo tanto. Emanuel Zaguert envi\u00f3 un pase atr\u00e1s para Luca Ferro, el remate se desvi\u00f3 y descoloc\u00f3 al arquero visitante, desatando el festejo en Berisso. Pero la historia no estaba cerrada. A los 31 minutos del segundo tiempo, Juan Fern\u00e1ndez envi\u00f3 un centro preciso que encontr\u00f3 a Facundo Pumpido, quien con un potente cabezazo descont\u00f3 para Villa D\u00e1lmine.<\/p>\r\n<p><img loading=\"lazy\" decoding=\"async\" class=\"alignnone size-medium wp-image-26702\" src=\"https:\/\/villasancarlos.club\/vsc\/wp-content\/uploads\/2025\/07\/Villa-San-Carlos-vs-Villa-Dalmine-B-1247x720.jpg\" alt=\"\" width=\"1247\" height=\"720\" srcset=\"https:\/\/villasancarlos.club\/vsc\/wp-content\/uploads\/2025\/07\/Villa-San-Carlos-vs-Villa-Dalmine-B-1247x720.jpg 1247w, https:\/\/villasancarlos.club\/vsc\/wp-content\/uploads\/2025\/07\/Villa-San-Carlos-vs-Villa-Dalmine-B-scaled-300x173.jpg 300w, https:\/\/villasancarlos.club\/vsc\/wp-content\/uploads\/2025\/07\/Villa-San-Carlos-vs-Villa-Dalmine-B-scaled-600x347.jpg 600w, https:\/\/villasancarlos.club\/vsc\/wp-content\/uploads\/2025\/07\/Villa-San-Carlos-vs-Villa-Dalmine-B-1558x900.jpg 1558w, https:\/\/villasancarlos.club\/vsc\/wp-content\/uploads\/2025\/07\/Villa-San-Carlos-vs-Villa-Dalmine-B-768x444.jpg 768w, https:\/\/villasancarlos.club\/vsc\/wp-content\/uploads\/2025\/07\/Villa-San-Carlos-vs-Villa-Dalmine-B-1536x887.jpg 1536w, https:\/\/villasancarlos.club\/vsc\/wp-content\/uploads\/2025\/07\/Villa-San-Carlos-vs-Villa-Dalmine-B-2048x1183.jpg 2048w\" sizes=\"auto, (max-width: 1247px) 100vw, 1247px\" \/><\/p>\r\n<p>Y cuando el reloj marcaba 47, tras un rebote que dej\u00f3 Akimenco, la pelota qued\u00f3 en el \u00e1rea chica, fue tocada atr\u00e1s y Federico Sellecchia firm\u00f3 el empate definitivo. Con este resultado, Villa San Carlos suma un punto que sabe a poco por c\u00f3mo se dio el desarrollo del partido. En la pr\u00f3xima jornada, deber\u00e1 visitar a Argentino de Quilmes.<\/p>\r\n<p><strong>S\u00edntesis <\/strong><\/p>\r\n<p><strong>Villa San Carlos (2)<\/strong>: 1-Tom\u00e1s Akimenco; 2-Felipe Guallama,4-Alejo Lloyaiy \u00a9, 6- Franco Ojeda, 3- Santiago D\u00edaz; 5- Augusto Pont\u00f3n, 10- Francisco Cairo, 11-Matias Samaniego, 7- Alejandro Lugones; 8- Ferro, 9- Emanuel Zagert. DT: Pablo Miranda.<\/p>\r\n<p>Suplentes: 12-Pablo Bangardino, 13-Mart\u00edn Garraza, 14-Lautaro Greco, 16-Thiago Mansilla, 15-Axel Almeida, 17-Rodrigo Coria, 19-Ramiro \u00c1lvarez, 20-Juan Jos\u00e9 Ram\u00edrez, 18-Ezequiel Perez.<\/p>\r\n<p><strong>Villa D\u00e1lmine (2)<\/strong>: 1-Mart\u00edn Peraf\u00e1n; 4-Diego Zalazar, 2-Cristian Broggi, 6-Gast\u00f3n Bojanich \u00a9,3-Agust\u00edn Amicone; 8-Mateo Sol\u00eds, 5-Juan Fern\u00e1ndez, 10-Santiago Prim, 11-Tom\u00e1s Ponzo;7-Ignacio Vallejos, 9-Federico Sellecchia.DT:Ariel Fuscaldo.<\/p>\r\n<p>Suplentes: 12-Germ\u00e1n Oviedo, 13-Maximiliano Pollacchi, 15-Valent\u00edn Carlucci, 14-Alexis Nievas,16-Giuliano Gualteri, 17-Gonzalo Ca\u00f1ete,18-Santino Forlani,19-Pablo Oro, 20-Facundo Pumpido.<\/p>\r\n<p><strong>Goles:<\/strong> PT 0\u2019 Matias Samaniego (VSC); ST 10\u2019 Luca Ferro (VSC); ST 31\u2019 Facundo Pumpido (VSC); ST 47\u2019 Federico Sellecchia (VSC).<\/p>\r\n<p><strong>Cambios:<\/strong> ST 0\u2019 Facundo Pumpido por Juan Ignacio Vallejos (VD); ST 20\u2019 Mauro Garraza por Luca Ferro (VSC); ST 40\u2019 Ramiro Alvarez por Felipe Guallama (VSC), Ezequiel P\u00e9rez por Emanuel Zagert (VSC), Juan Jose Ramirez por Augusto Ponton (VSC) y Lautaro Greco por Santiago D\u00edaz (VSC); ST 46\u2019 Alexis Nievas por Diego Zalazar (VD); ST 49\u2019 Maximiliano Pollacchi. (VD). Amonestados: PT 32\u2019 Felipe Guallama (VSC), ST 13\u2019 Diego Zalazar (VD), ST 26\u2019 Alejo Lloyaiy (VSC), ST 35\u2019 Juan Fernandez (VD).<\/p>\r\n<p><strong>Expulsados:<\/strong> No hubo.<\/p>\r\n<p><strong>\u00c1rbitro:<\/strong> Juli\u00e1n Jerez.<\/p>\r\n<p><strong>Asistente 1:<\/strong> Mart\u00edn Vaccaro.<\/p>\r\n<p><strong>Asistente 2<\/strong>: Ariel Medina.<\/p>\r\n<p><strong>Cuarto \u00e1rbitro:<\/strong> Ignacio Dom\u00ednguez.<\/p>\r\n<p>&nbsp;<\/p>\r\n<p>Por: Joaqu\u00edn C\u00f3rdoba.<\/p>\r\n","protected":false},"excerpt":{"rendered":"<p>Por la quinta fecha del Torneo Clausura de la Primera B, Villa San Carlos igual\u00f3 2-2 ante Villa D\u00e1lmine en el Estadio Gennacio S\u00e1lice. El equipo de Pablo Miranda no pudo sostener la ventaja de dos goles y termin\u00f3 resignando dos puntos en casa. El partido no pudo haber comenzado mejor para el conjunto local. [&#8230;]\n","protected":false},"author":1,"featured_media":26699,"comment_status":"closed","ping_status":"closed","sticky":false,"template":"","format":"standard","meta":{"footnotes":""},"categories":[4],"tags":[5],"class_list":["post-26698","post","type-post","status-publish","format-standard","has-post-thumbnail","hentry","category-futbol-1ra-division","tag-futbol-1ra-division"],"_links":{"self":[{"href":"https:\/\/villasancarlos.club\/vsc\/wp-json\/wp\/v2\/posts\/26698","targetHints":{"allow":["GET"]}}],"collection":[{"href":"https:\/\/villasancarlos.club\/vsc\/wp-json\/wp\/v2\/posts"}],"about":[{"href":"https:\/\/villasancarlos.club\/vsc\/wp-json\/wp\/v2\/types\/post"}],"author":[{"embeddable":true,"href":"https:\/\/villasancarlos.club\/vsc\/wp-json\/wp\/v2\/users\/1"}],"replies":[{"embeddable":true,"href":"https:\/\/villasancarlos.club\/vsc\/wp-json\/wp\/v2\/comments?post=26698"}],"version-history":[{"count":3,"href":"https:\/\/villasancarlos.club\/vsc\/wp-json\/wp\/v2\/posts\/26698\/revisions"}],"predecessor-version":[{"id":26703,"href":"https:\/\/villasancarlos.club\/vsc\/wp-json\/wp\/v2\/posts\/26698\/revisions\/26703"}],"wp:featuredmedia":[{"embeddable":true,"href":"https:\/\/villasancarlos.club\/vsc\/wp-json\/wp\/v2\/media\/26699"}],"wp:attachment":[{"href":"https:\/\/villasancarlos.club\/vsc\/wp-json\/wp\/v2\/media?parent=26698"}],"wp:term":[{"taxonomy":"category","embeddable":true,"href":"https:\/\/villasancarlos.club\/vsc\/wp-json\/wp\/v2\/categories?post=26698"},{"taxonomy":"post_tag","embeddable":true,"href":"https:\/\/villasancarlos.club\/vsc\/wp-json\/wp\/v2\/tags?post=26698"}],"curies":[{"name":"wp","href":"https:\/\/api.w.org\/{rel}","templated":true}]}}