{"id":26650,"date":"2025-07-14T20:12:13","date_gmt":"2025-07-14T23:12:13","guid":{"rendered":"https:\/\/villasancarlos.club\/vsc\/?p=26650"},"modified":"2025-07-14T20:13:46","modified_gmt":"2025-07-14T23:13:46","slug":"la-villa-visito-a-belgrano-de-zarate","status":"publish","type":"post","link":"https:\/\/villasancarlos.club\/vsc\/2025\/07\/la-villa-visito-a-belgrano-de-zarate\/","title":{"rendered":"La &#8220;Villa&#8221; visit\u00f3 a Belgrano de Zarate"},"content":{"rendered":"\n<p>Por la sexta fecha del Torneo de Infantiles que organiza la AFA, Villa San Carlos y Belgrano de Zarate disputaron la jornada por el Grupo E. El &#8220;Cele&#8221; tuvo una muy buena producci\u00f3n ya que consigui\u00f3 tres victorias y un empate. La pr\u00f3xima fecha recibir\u00e1 a Almagro en el Predio &#8220;Pasi\u00f3n Villera&#8221;.<\/p>\n<p>Estos fueron los resultados de la fecha:<\/p>\n<p>2015 Belgrano (Zarate) 1 &#8211; <strong>Villa San Carlos 2<\/strong> (Benjam\u00edn Rodr\u00edguez y Lisandro Vergniaud)<\/p>\n<p>2014 Belgrano (Zarate) 0 &#8211; <strong>Villa San Carlos 0<\/strong><\/p>\n<p>2013 Belgrano (Zarate) 0 &#8211; <strong>Villa San Carlos 2<\/strong> (Laureano Prieto y Joaquin Flamini)<\/p>\n<p>2012 Belgrano (Zarate) 0 &#8211; <strong>Villa San Carlos 2<\/strong> (Genaro Valdez y Benjam\u00edn Reynoso)<\/p>\n","protected":false},"excerpt":{"rendered":"<p>Por la sexta fecha del Torneo de Infantiles que organiza la AFA, Villa San Carlos y Belgrano de Zarate disputaron la jornada por el Grupo E. El &#8220;Cele&#8221; tuvo una muy buena producci\u00f3n ya que consigui\u00f3 tres victorias y un empate. La pr\u00f3xima fecha recibir\u00e1 a Almagro en el Predio &#8220;Pasi\u00f3n Villera&#8221;. Estos fueron los [&#8230;]\n","protected":false},"author":1,"featured_media":26651,"comment_status":"closed","ping_status":"closed","sticky":false,"template":"","format":"standard","meta":{"footnotes":""},"categories":[2],"tags":[26],"class_list":["post-26650","post","type-post","status-publish","format-standard","has-post-thumbnail","hentry","category-futbol-infantil","tag-futbol-infantil"],"_links":{"self":[{"href":"https:\/\/villasancarlos.club\/vsc\/wp-json\/wp\/v2\/posts\/26650","targetHints":{"allow":["GET"]}}],"collection":[{"href":"https:\/\/villasancarlos.club\/vsc\/wp-json\/wp\/v2\/posts"}],"about":[{"href":"https:\/\/villasancarlos.club\/vsc\/wp-json\/wp\/v2\/types\/post"}],"author":[{"embeddable":true,"href":"https:\/\/villasancarlos.club\/vsc\/wp-json\/wp\/v2\/users\/1"}],"replies":[{"embeddable":true,"href":"https:\/\/villasancarlos.club\/vsc\/wp-json\/wp\/v2\/comments?post=26650"}],"version-history":[{"count":4,"href":"https:\/\/villasancarlos.club\/vsc\/wp-json\/wp\/v2\/posts\/26650\/revisions"}],"predecessor-version":[{"id":26655,"href":"https:\/\/villasancarlos.club\/vsc\/wp-json\/wp\/v2\/posts\/26650\/revisions\/26655"}],"wp:featuredmedia":[{"embeddable":true,"href":"https:\/\/villasancarlos.club\/vsc\/wp-json\/wp\/v2\/media\/26651"}],"wp:attachment":[{"href":"https:\/\/villasancarlos.club\/vsc\/wp-json\/wp\/v2\/media?parent=26650"}],"wp:term":[{"taxonomy":"category","embeddable":true,"href":"https:\/\/villasancarlos.club\/vsc\/wp-json\/wp\/v2\/categories?post=26650"},{"taxonomy":"post_tag","embeddable":true,"href":"https:\/\/villasancarlos.club\/vsc\/wp-json\/wp\/v2\/tags?post=26650"}],"curies":[{"name":"wp","href":"https:\/\/api.w.org\/{rel}","templated":true}]}}