{"id":26525,"date":"2025-06-22T18:04:00","date_gmt":"2025-06-22T21:04:00","guid":{"rendered":"https:\/\/villasancarlos.club\/vsc\/?p=26525"},"modified":"2025-06-29T18:52:19","modified_gmt":"2025-06-29T21:52:19","slug":"reconocimiento-a-la-cooperativa-de-la-costa-de-berisso","status":"publish","type":"post","link":"https:\/\/villasancarlos.club\/vsc\/2025\/06\/reconocimiento-a-la-cooperativa-de-la-costa-de-berisso\/","title":{"rendered":"Reconocimiento a la Cooperativa de la Costa de Berisso"},"content":{"rendered":"<p><\/p>\n<h2 class=\"wp-block-heading\">En la previa del duelo ante Comunicaciones por la vig\u00e9sima primera fecha del Torneo Apertura de Primera B, Desde la Comisi\u00f3n Directiva junto al \u00e1rea de Cultura del Club se realiz\u00f3 un reconocimiento a la Cooperativa de la Costa de Berisso, quienes se preparan para llevar adelante la 22\u00aa edici\u00f3n en el pr\u00f3ximo mes de julio.<\/h2>\n<p><\/p>\n<p>Como todos los encuentros que juega Villa San Carlos de local, desde el \u00e1rea de Cultura y Prensa de la instituci\u00f3n se lleva adelante un reconocimiento a distintos artistas que tienen que ver con lo local, buscando reconocer el aporte que realizan hacia la comunidad y los vecinos de Berisso.<\/p>\n<p><\/p>\n<p>En esta oportunidad recibimos la visita de Sebasti\u00e1n Casali, quien es el Secretario de La Cooperativa de la Costa de Berisso , quien vino en representaci\u00f3n de la misma. Por su parte, el Club cont\u00f3 con la presencia del Presidente; Juan Manuel C\u00f3rdoba; El vicepresidente primero, Eduardo Valente y el Secretario de Cultura y Prensa; Alan Molina entre otros.<\/p>\n<p><\/p>\n<figure><img decoding=\"async\" src=\"https:\/\/villasancarlos.club\/vsc\/wp-content\/uploads\/2025\/06\/reconocimiento-costa-de-berisso.jpg\" alt=\"\"><\/figure>\n<p><\/p>\n<blockquote class=\"is-layout-flow wp-block-quote-is-layout-flow\">\n<p><\/p>\n<p>&#8220;La Cooperativa se creo hace m\u00e1s de veinte a\u00f1os y tiene un arraigo cultural muy importante por lo que es el vino&#8221; <strong>se\u00f1al\u00f3 Casali y agreg\u00f3:<\/strong> &#8220;Somos un pueblo que respira cultura, me encanta que se haga este reconocimiento a instituciones&#8221;.<\/p>\n<p><\/p>\n<\/blockquote>\n<p><\/p>\n<blockquote class=\"is-layout-flow wp-block-quote-is-layout-flow\">\n<p><\/p>\n<p>La Fiesta Provincial del Vino de la Costa se realizar\u00e1 los pr\u00f3ximos d\u00edas 11, 12 y 13 de Julio en el Gimnasio Municipal de nuestra Ciudad. Los invitamos a todos a ser parte de este gran festival de la Ciudad.<\/p>\n<p><\/p>\n<figure>\n<iframe loading=\"lazy\" width=\"560\" height=\"315\" src=\"https:\/\/www.youtube.com\/embed\/PpztF7w-mPg?si=efCes6EFAY6ptEls\" title=\"YouTube video player\" frameborder=\"0\" allow=\"accelerometer; autoplay; clipboard-write; encrypted-media; gyroscope; picture-in-picture; web-share\" referrerpolicy=\"strict-origin-when-cross-origin\" allowfullscreen><\/iframe>\n<br>\n<br>\n<\/figure>\n<p><\/p>\n<\/blockquote>\n<p><\/p>\n<p><\/p>","protected":false},"excerpt":{"rendered":"<p>En la previa del duelo ante Comunicaciones por la vig\u00e9sima primera fecha del Torneo Apertura de Primera B, Desde la Comisi\u00f3n Directiva junto al \u00e1rea de Cultura del Club se realiz\u00f3 un reconocimiento a la Cooperativa de la Costa de Berisso, quienes se preparan para llevar adelante la 22\u00aa edici\u00f3n en el pr\u00f3ximo mes de [&#8230;]\n","protected":false},"author":1,"featured_media":26528,"comment_status":"closed","ping_status":"closed","sticky":false,"template":"","format":"standard","meta":{"footnotes":""},"categories":[208],"tags":[209],"class_list":["post-26525","post","type-post","status-publish","format-standard","has-post-thumbnail","hentry","category-block-idauto-draft","tag-cultura"],"_links":{"self":[{"href":"https:\/\/villasancarlos.club\/vsc\/wp-json\/wp\/v2\/posts\/26525","targetHints":{"allow":["GET"]}}],"collection":[{"href":"https:\/\/villasancarlos.club\/vsc\/wp-json\/wp\/v2\/posts"}],"about":[{"href":"https:\/\/villasancarlos.club\/vsc\/wp-json\/wp\/v2\/types\/post"}],"author":[{"embeddable":true,"href":"https:\/\/villasancarlos.club\/vsc\/wp-json\/wp\/v2\/users\/1"}],"replies":[{"embeddable":true,"href":"https:\/\/villasancarlos.club\/vsc\/wp-json\/wp\/v2\/comments?post=26525"}],"version-history":[{"count":7,"href":"https:\/\/villasancarlos.club\/vsc\/wp-json\/wp\/v2\/posts\/26525\/revisions"}],"predecessor-version":[{"id":26534,"href":"https:\/\/villasancarlos.club\/vsc\/wp-json\/wp\/v2\/posts\/26525\/revisions\/26534"}],"wp:featuredmedia":[{"embeddable":true,"href":"https:\/\/villasancarlos.club\/vsc\/wp-json\/wp\/v2\/media\/26528"}],"wp:attachment":[{"href":"https:\/\/villasancarlos.club\/vsc\/wp-json\/wp\/v2\/media?parent=26525"}],"wp:term":[{"taxonomy":"category","embeddable":true,"href":"https:\/\/villasancarlos.club\/vsc\/wp-json\/wp\/v2\/categories?post=26525"},{"taxonomy":"post_tag","embeddable":true,"href":"https:\/\/villasancarlos.club\/vsc\/wp-json\/wp\/v2\/tags?post=26525"}],"curies":[{"name":"wp","href":"https:\/\/api.w.org\/{rel}","templated":true}]}}