{"id":26360,"date":"2025-06-09T21:43:37","date_gmt":"2025-06-10T00:43:37","guid":{"rendered":"https:\/\/villasancarlos.club\/vsc\/?p=26360"},"modified":"2025-06-10T18:02:37","modified_gmt":"2025-06-10T21:02:37","slug":"mucha-accion-en-lafir-y-lisfi","status":"publish","type":"post","link":"https:\/\/villasancarlos.club\/vsc\/2025\/06\/mucha-accion-en-lafir-y-lisfi\/","title":{"rendered":"Mucha acci\u00f3n en LAFIR y LISFI"},"content":{"rendered":"<h1>El fin de semana se disputaron dos jornadas de LAFIR y una de LISFI. Por la Liga Asociaci\u00f3n de F\u00fatbol Infantil de la Regi\u00f3n se midi\u00f3 ante Saladero y Belgrano de Ensenada. Mientras que por la Liga Sur de F\u00fatbol Infantil se enfrent\u00f3 a Ateneo Popular. Las pr\u00f3xima fecha ser\u00e1n dobles aprovechando el feriado largo. Por LISFI se jugara ante Dive Azul y Dive Rojo y por LAFIR ante Universitario y Racing de Bavio.<\/h1>\n<p>LISFI vs Ateneo Popular<br \/>\n2019 Ateneo Popular 4 &#8211; <strong>Villa San Carlos 0<\/strong><br \/>\n2018 Ateneo Popular 2 &#8211; <strong>Villa San Carlos 1<\/strong> (Benjam\u00edn V\u00e1ldez)<br \/>\n2017 Ateneo Popular 1 &#8211; <strong>Villa San Carlos 2<\/strong> (Mateo Del Valle e Ian Falcon)<br \/>\n2016 Ateneo Popular 1 &#8211; <strong>Villa San Carlos 0<\/strong><br \/>\n2015 Ateneo Popular 1 &#8211; <strong>Villa San Carlos 0<\/strong><br \/>\n2014 Ateneo Popular 1 &#8211; <strong>Villa San Carlos 1<\/strong> (Tom\u00e1s Presutti)<br \/>\n2013 Ateneo Popular 2 &#8211; <strong>Villa San Carlos 4<\/strong> (Ciro Mi\u00f1o -3- y Basti\u00e1n Salerno)<br \/>\n2012 Ateneo Popular 0 &#8211; <strong>Villa San Carlos 0<\/strong><\/p>\n<p>LAFIR vs Saladero<br \/>\n2018 Saladero 2 &#8211; <strong>Villa San Carlos 0<\/strong><br \/>\n2017 Saladero 1 &#8211; <strong>Villa San Carlos 0<\/strong><br \/>\n2016 Saladero 1 &#8211; <strong>Villa San Carlos 0<\/strong><br \/>\n2015 Saladero 1 &#8211; <strong>Villa San Carlos 3<\/strong> (Milo Garc\u00eda -2- y Benjam\u00edn Rodr\u00edguez)<br \/>\n2014 Saladero 0 &#8211; <strong>Villa San Carlos 5<\/strong> (Lucas Antonio -2- , Tomas Ram\u00edrez, Thiago Ag\u00fcera , Francisco Llache)<br \/>\n2013 Saladero 0 &#8211; <strong>Villa San Carlos 0<\/strong><br \/>\n2012 Saladero 0 &#8211; <strong>Villa San Carlos 5<\/strong> (Ger\u00f3nimo Garc\u00eda -2- , Benjam\u00edn Reynoso , Joaqu\u00edn Acevedo y Thiago Crema)<\/p>\n<p>LAFIR vs Belgrano<br \/>\n2018 Belgrano 1 &#8211; <strong>Villa San Carlos 6<\/strong> (Imanol Almada -3- , Milo Gavenas -2- y Juan Romano)<br \/>\n2017 no present\u00f3 Belgrano<br \/>\n2016 Belgrano 0 &#8211; <strong>Villa San Carlos 0<\/strong><br \/>\n2015 Belgrano 0 &#8211; <strong>Villa San Carlos 7<\/strong> (Basti\u00e1n Sol\u00eds -2-, Benjam\u00edn Rodr\u00edguez -2-,Lucas L\u00f3pez,Luciano Fern\u00e1ndez y Thiago C\u00f3rdoba)<br \/>\n2014 Belgrano 0 &#8211;<strong> Villa San Carlos 2<\/strong> (Luca Antonio y Demian Salerno)<br \/>\n2013 Belgrano 1 &#8211;<strong> Villa San Carlos 4<\/strong> (Blas Ale, Miguel Y\u00fage, Luca Valente y Ian Canteros)<br \/>\n2012 Belgrano 2 &#8211; <strong>Villa San Carlos 2<\/strong> (Mateo Dom\u00ednguez y Thiago Crema)<\/p>\n","protected":false},"excerpt":{"rendered":"<p>El fin de semana se disputaron dos jornadas de LAFIR y una de LISFI. Por la Liga Asociaci\u00f3n de F\u00fatbol Infantil de la Regi\u00f3n se midi\u00f3 ante Saladero y Belgrano de Ensenada. Mientras que por la Liga Sur de F\u00fatbol Infantil se enfrent\u00f3 a Ateneo Popular. Las pr\u00f3xima fecha ser\u00e1n dobles aprovechando el feriado largo. [&#8230;]\n","protected":false},"author":1,"featured_media":26361,"comment_status":"closed","ping_status":"closed","sticky":false,"template":"","format":"standard","meta":{"footnotes":""},"categories":[2],"tags":[],"class_list":["post-26360","post","type-post","status-publish","format-standard","has-post-thumbnail","hentry","category-futbol-infantil"],"_links":{"self":[{"href":"https:\/\/villasancarlos.club\/vsc\/wp-json\/wp\/v2\/posts\/26360","targetHints":{"allow":["GET"]}}],"collection":[{"href":"https:\/\/villasancarlos.club\/vsc\/wp-json\/wp\/v2\/posts"}],"about":[{"href":"https:\/\/villasancarlos.club\/vsc\/wp-json\/wp\/v2\/types\/post"}],"author":[{"embeddable":true,"href":"https:\/\/villasancarlos.club\/vsc\/wp-json\/wp\/v2\/users\/1"}],"replies":[{"embeddable":true,"href":"https:\/\/villasancarlos.club\/vsc\/wp-json\/wp\/v2\/comments?post=26360"}],"version-history":[{"count":3,"href":"https:\/\/villasancarlos.club\/vsc\/wp-json\/wp\/v2\/posts\/26360\/revisions"}],"predecessor-version":[{"id":26368,"href":"https:\/\/villasancarlos.club\/vsc\/wp-json\/wp\/v2\/posts\/26360\/revisions\/26368"}],"wp:featuredmedia":[{"embeddable":true,"href":"https:\/\/villasancarlos.club\/vsc\/wp-json\/wp\/v2\/media\/26361"}],"wp:attachment":[{"href":"https:\/\/villasancarlos.club\/vsc\/wp-json\/wp\/v2\/media?parent=26360"}],"wp:term":[{"taxonomy":"category","embeddable":true,"href":"https:\/\/villasancarlos.club\/vsc\/wp-json\/wp\/v2\/categories?post=26360"},{"taxonomy":"post_tag","embeddable":true,"href":"https:\/\/villasancarlos.club\/vsc\/wp-json\/wp\/v2\/tags?post=26360"}],"curies":[{"name":"wp","href":"https:\/\/api.w.org\/{rel}","templated":true}]}}