{"id":26357,"date":"2025-06-09T21:15:35","date_gmt":"2025-06-10T00:15:35","guid":{"rendered":"https:\/\/villasancarlos.club\/vsc\/?p=26357"},"modified":"2025-06-10T18:02:57","modified_gmt":"2025-06-10T21:02:57","slug":"la-villa-visito-al-cadu","status":"publish","type":"post","link":"https:\/\/villasancarlos.club\/vsc\/2025\/06\/la-villa-visito-al-cadu\/","title":{"rendered":"La &#8220;Villa&#8221; visit\u00f3 al CADU"},"content":{"rendered":"<h1>Por la segunda fecha de la Zona E del Torneo de F\u00fatbol Infantil que organiza la Asociaci\u00f3n de F\u00fatbol Argentino, Villa San Carlos viaj\u00f3 hasta Z\u00e1rate para enfrentar a Defensores Unidos. Fue una buena jornada para la &#8220;Villa&#8221; ya que se trajo 10 puntos de los 12 que estaban en juego. El pr\u00f3ximo fin de semana no hay fecha por el festejo del d\u00eda del padre.<\/h1>\n<p><strong>Estos fueron los resultados de la jornada:<\/strong><\/p>\n<p>2015 Defensores Unidos 2 &#8211; <strong>Villa San Carlos 6<\/strong> (Ian Gonz\u00e1lez -3-, Thiago C\u00f3rdoba, Benjam\u00edn Rodr\u00edguez y Tahiel Presta)<br \/>\n2014 Defensores Unidos 0 &#8211; <strong>Villa San Carlos 1<\/strong> (Milo Borceiro)<br \/>\n2013 Defensores Unidos 0 &#8211; <strong>Villa San Carlos 0<\/strong><br \/>\n2012 Defensores Unidos 0 &#8211; <strong>Villa San Carlos 2<\/strong> (Sim\u00f3n Ep\u00e9loa y Benjam\u00edn Ortega)<\/p>\n<p>Foto: La Foto del Pibe<\/p>\n","protected":false},"excerpt":{"rendered":"<p>Por la segunda fecha de la Zona E del Torneo de F\u00fatbol Infantil que organiza la Asociaci\u00f3n de F\u00fatbol Argentino, Villa San Carlos viaj\u00f3 hasta Z\u00e1rate para enfrentar a Defensores Unidos. Fue una buena jornada para la &#8220;Villa&#8221; ya que se trajo 10 puntos de los 12 que estaban en juego. El pr\u00f3ximo fin de [&#8230;]\n","protected":false},"author":1,"featured_media":26358,"comment_status":"closed","ping_status":"closed","sticky":false,"template":"","format":"standard","meta":{"footnotes":""},"categories":[2],"tags":[26],"class_list":["post-26357","post","type-post","status-publish","format-standard","has-post-thumbnail","hentry","category-futbol-infantil","tag-futbol-infantil"],"_links":{"self":[{"href":"https:\/\/villasancarlos.club\/vsc\/wp-json\/wp\/v2\/posts\/26357","targetHints":{"allow":["GET"]}}],"collection":[{"href":"https:\/\/villasancarlos.club\/vsc\/wp-json\/wp\/v2\/posts"}],"about":[{"href":"https:\/\/villasancarlos.club\/vsc\/wp-json\/wp\/v2\/types\/post"}],"author":[{"embeddable":true,"href":"https:\/\/villasancarlos.club\/vsc\/wp-json\/wp\/v2\/users\/1"}],"replies":[{"embeddable":true,"href":"https:\/\/villasancarlos.club\/vsc\/wp-json\/wp\/v2\/comments?post=26357"}],"version-history":[{"count":6,"href":"https:\/\/villasancarlos.club\/vsc\/wp-json\/wp\/v2\/posts\/26357\/revisions"}],"predecessor-version":[{"id":26369,"href":"https:\/\/villasancarlos.club\/vsc\/wp-json\/wp\/v2\/posts\/26357\/revisions\/26369"}],"wp:featuredmedia":[{"embeddable":true,"href":"https:\/\/villasancarlos.club\/vsc\/wp-json\/wp\/v2\/media\/26358"}],"wp:attachment":[{"href":"https:\/\/villasancarlos.club\/vsc\/wp-json\/wp\/v2\/media?parent=26357"}],"wp:term":[{"taxonomy":"category","embeddable":true,"href":"https:\/\/villasancarlos.club\/vsc\/wp-json\/wp\/v2\/categories?post=26357"},{"taxonomy":"post_tag","embeddable":true,"href":"https:\/\/villasancarlos.club\/vsc\/wp-json\/wp\/v2\/tags?post=26357"}],"curies":[{"name":"wp","href":"https:\/\/api.w.org\/{rel}","templated":true}]}}