{"id":26053,"date":"2025-04-28T21:42:15","date_gmt":"2025-04-29T00:42:15","guid":{"rendered":"https:\/\/villasancarlos.club\/vsc\/?p=26053"},"modified":"2025-04-29T11:49:03","modified_gmt":"2025-04-29T14:49:03","slug":"empate-en-villa-lynch","status":"publish","type":"post","link":"https:\/\/villasancarlos.club\/vsc\/2025\/04\/empate-en-villa-lynch\/","title":{"rendered":"Empate en Villa Lynch"},"content":{"rendered":"<h1><span style=\"vertical-align: inherit;\"><span style=\"vertical-align: inherit;\">Por la fecha 13 del Torneo Apertura de la Primera B, Villa San Carlos igual\u00f3 1-1 frente a UAI Urquiza en el Estadio Monumental de Villa Lynch y contin\u00faa en lo m\u00e1s alto de la tabla con 23 puntos.<\/span><\/span><\/h1>\n<p><span style=\"vertical-align: inherit;\"><span style=\"vertical-align: inherit;\">El encuentro comenz\u00f3 favorable para el local, que logr\u00f3 abrir el marcador a los 36 minutos del primer tiempo. Tras un pelotazo largo, la defensa villera no logr\u00f3 despejar con claridad y el rebote le qued\u00f3 a Mauricio Aguirre, quien defini\u00f3 de zurda, cruzado, para poner en ventaja al &#8220;Furg\u00f3n&#8221;.<\/span><\/span><\/p>\n<p><span style=\"vertical-align: inherit;\"><span style=\"vertical-align: inherit;\">En el inicio del complemento, UAI Urquiza estuvo cerca de ampliar la diferencia: a los 7 minutos, tras una jugada peligrosa en el \u00e1rea, Mach\u00edn salv\u00f3 en la l\u00ednea lo que era el segundo tanto para los locales.<\/span><\/span><\/p>\n<p><img loading=\"lazy\" decoding=\"async\" class=\"alignnone size-medium wp-image-26055\" src=\"https:\/\/villasancarlos.club\/vsc\/wp-content\/uploads\/2025\/04\/UAI-Uquiza-1-Villa-San-Carlos-1-B-1215x720.jpg\" alt=\"\" width=\"1215\" height=\"720\" srcset=\"https:\/\/villasancarlos.club\/vsc\/wp-content\/uploads\/2025\/04\/UAI-Uquiza-1-Villa-San-Carlos-1-B-1215x720.jpg 1215w, https:\/\/villasancarlos.club\/vsc\/wp-content\/uploads\/2025\/04\/UAI-Uquiza-1-Villa-San-Carlos-1-B-scaled-300x178.jpg 300w, https:\/\/villasancarlos.club\/vsc\/wp-content\/uploads\/2025\/04\/UAI-Uquiza-1-Villa-San-Carlos-1-B-scaled-600x356.jpg 600w, https:\/\/villasancarlos.club\/vsc\/wp-content\/uploads\/2025\/04\/UAI-Uquiza-1-Villa-San-Carlos-1-B-1519x900.jpg 1519w, https:\/\/villasancarlos.club\/vsc\/wp-content\/uploads\/2025\/04\/UAI-Uquiza-1-Villa-San-Carlos-1-B-768x455.jpg 768w, https:\/\/villasancarlos.club\/vsc\/wp-content\/uploads\/2025\/04\/UAI-Uquiza-1-Villa-San-Carlos-1-B-1536x910.jpg 1536w, https:\/\/villasancarlos.club\/vsc\/wp-content\/uploads\/2025\/04\/UAI-Uquiza-1-Villa-San-Carlos-1-B-2048x1213.jpg 2048w\" sizes=\"auto, (max-width: 1215px) 100vw, 1215px\" \/><\/p>\n<p><span style=\"vertical-align: inherit;\"><span style=\"vertical-align: inherit;\">La reacci\u00f3n de Villa San Carlos no tard\u00f3 en llegar. A los 11 minutos, Mat\u00edas Samaniego se desbord\u00f3 por la banda derecha, envi\u00f3 un centro al \u00e1rea y, en su intento por despejar, el defensor Cristian Ord\u00f3\u00f1ez desvi\u00f3 la pelota en contra de su propia valla para establecer el empate.<\/span><\/span><\/p>\n<p><span style=\"vertical-align: inherit;\"><span style=\"vertical-align: inherit;\">El resto del partido mostr\u00f3 a ambos equipos generando situaciones de gol, aunque sin efectividad en los \u00faltimos metros. As\u00ed, el marcador no se volvi\u00f3 a mover.<\/span><\/span><\/p>\n<p><span style=\"vertical-align: inherit;\"><span style=\"vertical-align: inherit;\">Con este resultado, Villa San Carlos sum\u00f3 un punto valioso que le permite mantenerse en la cima del torneo. En la pr\u00f3xima jornada, el &#8220;Cele&#8221; recibir\u00e1 a Real Pilar en el Genacio S\u00e1lice con el objetivo de seguir en lo m\u00e1s alto.<\/span><\/span><\/p>\n<p><strong><span style=\"vertical-align: inherit;\"><span style=\"vertical-align: inherit;\">S\u00edntesis<\/span><\/span><\/strong><\/p>\n<p><strong><span style=\"vertical-align: inherit;\"><span style=\"vertical-align: inherit;\">UAI Urquiza (1):<\/span><\/span><\/strong><span style=\"vertical-align: inherit;\"><span style=\"vertical-align: inherit;\"> 1-Augusto Bottini; 2- Cristian Ordo\u00f1ez, 3- Mat\u00edas Alaniz, 4- Valent\u00edn Rodr\u00edguez, 5- Luciano Arcuri, 6- Santino Piccinetti, 7- Patricio Madero, 8- Jos\u00e9 Ingratti, 9- Maximiliano Brito, 10- Alexis V\u00e1zquez, 11- Mauricio Aguirre. DT: Sebasti\u00e1n Abeledo.<\/span><\/span><\/p>\n<p><strong><span style=\"vertical-align: inherit;\"><span style=\"vertical-align: inherit;\">Suplentes:<\/span><\/span><\/strong><span style=\"vertical-align: inherit;\"><span style=\"vertical-align: inherit;\"> 12- Ignacio Viain, 13- Federico Postel, 14- Franco Galli, 15- Nahuel R\u00edos, 16- El\u00edas Galli, 17- Santino Sciacqua, 18- Walter Naranjo, 19- Ramiro Scarcella, 20- Pablo C\u00e1ceres.<\/span><\/span><\/p>\n<p><strong><span style=\"vertical-align: inherit;\"><span style=\"vertical-align: inherit;\">Villa San Carlos (1):<\/span><\/span><\/strong><span style=\"vertical-align: inherit;\"><span style=\"vertical-align: inherit;\"> 1- Pablo Bangardino; 2- Mart\u00edn Garraza, 3- Sim\u00f3n Buscaglia, 4- Alejo Lloyaiy \u00a9, 5- Juan Ignacio Silva, 6- Luciano Mach\u00edn, 7- Alejandro Lugones, 8- \u00c1ngel Acosta, 9- Emanuel Zagert, 10- Luca Ferro, 11-Mat\u00edas Samaniego. DT: Pablo Miranda.<\/span><\/span><\/p>\n<p><strong><span style=\"vertical-align: inherit;\"><span style=\"vertical-align: inherit;\">Suplentes:<\/span><\/span><\/strong><span style=\"vertical-align: inherit;\"><span style=\"vertical-align: inherit;\"> 12-Tom\u00e1s Akimenco, 13- Braian Acosta, 14- Felipe Guallama,15-Augusto Pont\u00f3n,16-Guillermo Montes, 17- Leandro Guzm\u00e1n, 18- Ramiro \u00c1lvarez, 19- Santiago D\u00edaz, 20- Francisco Cairo.<\/span><\/span><\/p>\n<p><strong><span style=\"vertical-align: inherit;\"><span style=\"vertical-align: inherit;\">Goles:<\/span><\/span><\/strong><span style=\"vertical-align: inherit;\"><span style=\"vertical-align: inherit;\"> PT 36&#8242; Mauricio Aguirre (UAI), ST 11&#8242; Cristian Ordo\u00f1ez e\/c (VSC).<\/span><\/span><\/p>\n<p><strong><span style=\"vertical-align: inherit;\"><span style=\"vertical-align: inherit;\">Cambios:<\/span><\/span><\/strong><span style=\"vertical-align: inherit;\"><span style=\"vertical-align: inherit;\"> PT 27&#8242; Augusto Pont\u00f3n por Juan Ignacio Silva (VSC); ST 0&#8242; Santiago D\u00edaz por Mart\u00edn Garraza (VSC); ST 10&#8242; Francisco Cairo por Emanuel Zaguert (VSC) y Guillermo Montes por Sim\u00f3n Buscaglia (VSC); ST 23&#8242; Ramiro Scarcella por Mauricio Aguirre (UAI), Pablo Caceres por Maximiliano Brito (UAI) y Santino Sciacqua por Alexis V\u00e1zquez (UAI); ST 34&#8242; Ramiro \u00c1lvarez por Mat\u00edas Samaniego (VSC); ST 34&#8242; Nahuel R\u00edos por Jos\u00e9 Ingratti (UAI); ST 37&#8242; Franco Galli por Patricio Madero (UAI).<\/span><\/span><\/p>\n<p><strong><span style=\"vertical-align: inherit;\"><span style=\"vertical-align: inherit;\">Amonestados:<\/span><\/span><\/strong><span style=\"vertical-align: inherit;\"><span style=\"vertical-align: inherit;\"> PT 30&#8242; Mat\u00edas Alaniz (UAI), PT 37&#8242; Mauricio Aguirre (UAI), PT 44&#8242; \u00c1ngel Acosta (VSC), ST 28&#8242; Luciano Arcuri (UAI).<\/span><\/span><\/p>\n<p><strong><span style=\"vertical-align: inherit;\"><span style=\"vertical-align: inherit;\">Expulsados:<\/span><\/span><\/strong><span style=\"vertical-align: inherit;\"><span style=\"vertical-align: inherit;\"> No hubo.<\/span><\/span><\/p>\n<p><strong><span style=\"vertical-align: inherit;\"><span style=\"vertical-align: inherit;\">\u00c1RBITRO:<\/span><\/span><\/strong><span style=\"vertical-align: inherit;\"><span style=\"vertical-align: inherit;\"> Wenceslao Meneses.<\/span><\/span><\/p>\n<p><strong><span style=\"vertical-align: inherit;\"><span style=\"vertical-align: inherit;\">ASISTENTE 1:<\/span><\/span><\/strong><span style=\"vertical-align: inherit;\"><span style=\"vertical-align: inherit;\"> Mart\u00edn Vaccaro <\/span><\/span><strong><span style=\"vertical-align: inherit;\"><span style=\"vertical-align: inherit;\">.<\/span><\/span><\/strong><\/p>\n<p><strong><span style=\"vertical-align: inherit;\"><span style=\"vertical-align: inherit;\">ASISTENTE 2:<\/span><\/span><\/strong><span style=\"vertical-align: inherit;\"><span style=\"vertical-align: inherit;\"> Daniela Sanda <\/span><\/span><strong><span style=\"vertical-align: inherit;\"><span style=\"vertical-align: inherit;\">.<\/span><\/span><\/strong><\/p>\n<p><strong><span style=\"vertical-align: inherit;\"><span style=\"vertical-align: inherit;\">CUARTO \u00c1RBITRO:<\/span><\/span><\/strong><span style=\"vertical-align: inherit;\"><span style=\"vertical-align: inherit;\"> Leandro Fedele.<\/span><\/span><\/p>\n<p><strong>\u00a0<\/strong><\/p>\n<p><strong>\u00a0<\/strong><\/p>\n<p><strong><span style=\"vertical-align: inherit;\"><span style=\"vertical-align: inherit;\">POR:<\/span><\/span><\/strong><span style=\"vertical-align: inherit;\"><span style=\"vertical-align: inherit;\"> Joaqu\u00edn C\u00f3rdoba.<\/span><\/span><\/p>\n<p><strong>\u00a0<\/strong><\/p>\n","protected":false},"excerpt":{"rendered":"<p>Por la fecha 13 del Torneo Apertura de la Primera B, Villa San Carlos igual\u00f3 1-1 frente a UAI Urquiza en el Estadio Monumental de Villa Lynch y contin\u00faa en lo m\u00e1s alto de la tabla con 23 puntos. El encuentro comenz\u00f3 favorable para el local, que logr\u00f3 abrir el marcador a los 36 minutos [&#8230;]\n","protected":false},"author":1,"featured_media":26080,"comment_status":"closed","ping_status":"closed","sticky":true,"template":"","format":"standard","meta":{"footnotes":""},"categories":[4],"tags":[5],"class_list":["post-26053","post","type-post","status-publish","format-standard","has-post-thumbnail","hentry","category-futbol-1ra-division","tag-futbol-1ra-division"],"_links":{"self":[{"href":"https:\/\/villasancarlos.club\/vsc\/wp-json\/wp\/v2\/posts\/26053","targetHints":{"allow":["GET"]}}],"collection":[{"href":"https:\/\/villasancarlos.club\/vsc\/wp-json\/wp\/v2\/posts"}],"about":[{"href":"https:\/\/villasancarlos.club\/vsc\/wp-json\/wp\/v2\/types\/post"}],"author":[{"embeddable":true,"href":"https:\/\/villasancarlos.club\/vsc\/wp-json\/wp\/v2\/users\/1"}],"replies":[{"embeddable":true,"href":"https:\/\/villasancarlos.club\/vsc\/wp-json\/wp\/v2\/comments?post=26053"}],"version-history":[{"count":2,"href":"https:\/\/villasancarlos.club\/vsc\/wp-json\/wp\/v2\/posts\/26053\/revisions"}],"predecessor-version":[{"id":26079,"href":"https:\/\/villasancarlos.club\/vsc\/wp-json\/wp\/v2\/posts\/26053\/revisions\/26079"}],"wp:featuredmedia":[{"embeddable":true,"href":"https:\/\/villasancarlos.club\/vsc\/wp-json\/wp\/v2\/media\/26080"}],"wp:attachment":[{"href":"https:\/\/villasancarlos.club\/vsc\/wp-json\/wp\/v2\/media?parent=26053"}],"wp:term":[{"taxonomy":"category","embeddable":true,"href":"https:\/\/villasancarlos.club\/vsc\/wp-json\/wp\/v2\/categories?post=26053"},{"taxonomy":"post_tag","embeddable":true,"href":"https:\/\/villasancarlos.club\/vsc\/wp-json\/wp\/v2\/tags?post=26053"}],"curies":[{"name":"wp","href":"https:\/\/api.w.org\/{rel}","templated":true}]}}