{"id":26015,"date":"2025-04-18T19:46:03","date_gmt":"2025-04-18T22:46:03","guid":{"rendered":"https:\/\/villasancarlos.club\/vsc\/?p=26015"},"modified":"2025-04-18T22:00:41","modified_gmt":"2025-04-19T01:00:41","slug":"nueva-jornada-en-el-futbol-infantil","status":"publish","type":"post","link":"https:\/\/villasancarlos.club\/vsc\/2025\/04\/nueva-jornada-en-el-futbol-infantil\/","title":{"rendered":"Nueva jornada en el f\u00fatbol infantil"},"content":{"rendered":"<h1><span style=\"vertical-align: inherit;\"><span style=\"vertical-align: inherit;\">El fin de semana se disputaron las jornadas del f\u00fatbol infantil local. En la Liga Sur de F\u00fatbol Infantil se midi\u00f3 ante Beto \u00c1valos, mientras que en la Liga Asociaci\u00f3n de F\u00fatbol Infantil de la Regi\u00f3n visit\u00f3 a El Cicl\u00f3n. Ambas fechas fueron disputadas y con paridad en los resultados generales.<\/span><\/span><\/h1>\n<p><span style=\"vertical-align: inherit;\"><span style=\"vertical-align: inherit;\">Estos fueron los resultados de las fechas:<\/span><\/span><\/p>\n<p><span style=\"vertical-align: inherit;\"><span style=\"vertical-align: inherit;\">Fecha N\u00ba 7 vs Beto Avalos<\/span><\/span><\/p>\n<p><span style=\"vertical-align: inherit;\"><span style=\"vertical-align: inherit;\">2019 <\/span><\/span><strong><span style=\"vertical-align: inherit;\"><span style=\"vertical-align: inherit;\">Villa San Carlos 2<\/span><\/span><\/strong><span style=\"vertical-align: inherit;\"><span style=\"vertical-align: inherit;\"> &#8211; Beto \u00c1valos 0 <\/span><\/span><br \/>\n<span style=\"vertical-align: inherit;\"><span style=\"vertical-align: inherit;\">2018 <\/span><\/span><strong><span style=\"vertical-align: inherit;\"><span style=\"vertical-align: inherit;\">Villa San Carlos 0<\/span><\/span><\/strong><span style=\"vertical-align: inherit;\"><span style=\"vertical-align: inherit;\"> &#8211; Beto \u00c1valos 1 <\/span><\/span><br \/>\n<span style=\"vertical-align: inherit;\"><span style=\"vertical-align: inherit;\">2017 <\/span><\/span><strong><span style=\"vertical-align: inherit;\"><span style=\"vertical-align: inherit;\">Villa San Carlos 1<\/span><\/span><\/strong><span style=\"vertical-align: inherit;\"><span style=\"vertical-align: inherit;\"> &#8211; Beto \u00c1valos 2 <\/span><\/span><br \/>\n<span style=\"vertical-align: inherit;\"><span style=\"vertical-align: inherit;\">2016 <\/span><\/span><strong><span style=\"vertical-align: inherit;\"><span style=\"vertical-align: inherit;\">Villa San Carlos 1<\/span><\/span><\/strong><span style=\"vertical-align: inherit;\"><span style=\"vertical-align: inherit;\"> &#8211; Beto \u00c1valos 6 <\/span><\/span><br \/>\n<span style=\"vertical-align: inherit;\"><span style=\"vertical-align: inherit;\">2015 <\/span><\/span><strong><span style=\"vertical-align: inherit;\"><span style=\"vertical-align: inherit;\">Villa San Carlos 1<\/span><\/span><\/strong><span style=\"vertical-align: inherit;\"><span style=\"vertical-align: inherit;\"> &#8211; Beto \u00c1valos 2 <\/span><\/span><br \/>\n<span style=\"vertical-align: inherit;\"><span style=\"vertical-align: inherit;\">2014 <\/span><\/span><strong><span style=\"vertical-align: inherit;\"><span style=\"vertical-align: inherit;\">Villa San Carlos 0<\/span><\/span><\/strong><span style=\"vertical-align: inherit;\"><span style=\"vertical-align: inherit;\"> &#8211; Beto \u00c1valos 0 <\/span><\/span><br \/>\n<span style=\"vertical-align: inherit;\"><span style=\"vertical-align: inherit;\">2013 <\/span><\/span><strong><span style=\"vertical-align: inherit;\"><span style=\"vertical-align: inherit;\">Villa San Carlos 6<\/span><\/span><\/strong><span style=\"vertical-align: inherit;\"><span style=\"vertical-align: inherit;\"> &#8211; Beto \u00c1valos 2 <\/span><\/span><br \/>\n<span style=\"vertical-align: inherit;\"><span style=\"vertical-align: inherit;\">2012 <\/span><\/span><strong><span style=\"vertical-align: inherit;\"><span style=\"vertical-align: inherit;\">Villa San Carlos 4<\/span><\/span><\/strong><span style=\"vertical-align: inherit;\"><span style=\"vertical-align: inherit;\"> &#8211; Beto \u00c1valos 0<\/span><\/span><\/p>\n<p><span style=\"vertical-align: inherit;\"><span style=\"vertical-align: inherit;\">Fecha N\u00ba 5 vs El Cicl\u00f3n<\/span><\/span><\/p>\n<p><span style=\"vertical-align: inherit;\"><span style=\"vertical-align: inherit;\">2018 El Cicl\u00f3n 3 &#8211; <\/span><\/span><strong><span style=\"vertical-align: inherit;\"><span style=\"vertical-align: inherit;\">Villa San Carlos 1<\/span><\/span><\/strong><br \/>\n<span style=\"vertical-align: inherit;\"><span style=\"vertical-align: inherit;\"> 2017 El Cicl\u00f3n 4 &#8211; <\/span><\/span><strong><span style=\"vertical-align: inherit;\"><span style=\"vertical-align: inherit;\">Villa San Carlos 4\u00a0<\/span><\/span><\/strong><br \/>\n<span style=\"vertical-align: inherit;\"><span style=\"vertical-align: inherit;\"> 2016 El Cicl\u00f3n 5 &#8211; <\/span><\/span><strong><span style=\"vertical-align: inherit;\"><span style=\"vertical-align: inherit;\">Villa San Carlos 1<\/span><\/span><\/strong><br \/>\n<span style=\"vertical-align: inherit;\"><span style=\"vertical-align: inherit;\"> 2015 El Cicl\u00f3n 1 &#8211; <\/span><\/span><strong><span style=\"vertical-align: inherit;\"><span style=\"vertical-align: inherit;\">Villa San Carlos 6<\/span><\/span><\/strong><br \/>\n<span style=\"vertical-align: inherit;\"><span style=\"vertical-align: inherit;\"> 2014 El Cicl\u00f3n 1 &#8211; <\/span><\/span><strong><span style=\"vertical-align: inherit;\"><span style=\"vertical-align: inherit;\">Villa San Carlos 2<\/span><\/span><\/strong><br \/>\n<span style=\"vertical-align: inherit;\"><span style=\"vertical-align: inherit;\"> 2013 El Cicl\u00f3n 1 &#8211; <\/span><\/span><strong><span style=\"vertical-align: inherit;\"><span style=\"vertical-align: inherit;\">Villa San Carlos 3<\/span><\/span><\/strong><br \/>\n<span style=\"vertical-align: inherit;\"><span style=\"vertical-align: inherit;\"> 2012 El Cicl\u00f3n 0 &#8211; <\/span><\/span><strong><span style=\"vertical-align: inherit;\"><span style=\"vertical-align: inherit;\">Villa San Carlos 8<\/span><\/span><\/strong><\/p>\n","protected":false},"excerpt":{"rendered":"<p>El fin de semana se disputaron las jornadas del f\u00fatbol infantil local. En la Liga Sur de F\u00fatbol Infantil se midi\u00f3 ante Beto \u00c1valos, mientras que en la Liga Asociaci\u00f3n de F\u00fatbol Infantil de la Regi\u00f3n visit\u00f3 a El Cicl\u00f3n. Ambas fechas fueron disputadas y con paridad en los resultados generales. Estos fueron los resultados [&#8230;]\n","protected":false},"author":1,"featured_media":26016,"comment_status":"closed","ping_status":"closed","sticky":false,"template":"","format":"standard","meta":{"footnotes":""},"categories":[2],"tags":[],"class_list":["post-26015","post","type-post","status-publish","format-standard","has-post-thumbnail","hentry","category-futbol-infantil"],"_links":{"self":[{"href":"https:\/\/villasancarlos.club\/vsc\/wp-json\/wp\/v2\/posts\/26015","targetHints":{"allow":["GET"]}}],"collection":[{"href":"https:\/\/villasancarlos.club\/vsc\/wp-json\/wp\/v2\/posts"}],"about":[{"href":"https:\/\/villasancarlos.club\/vsc\/wp-json\/wp\/v2\/types\/post"}],"author":[{"embeddable":true,"href":"https:\/\/villasancarlos.club\/vsc\/wp-json\/wp\/v2\/users\/1"}],"replies":[{"embeddable":true,"href":"https:\/\/villasancarlos.club\/vsc\/wp-json\/wp\/v2\/comments?post=26015"}],"version-history":[{"count":2,"href":"https:\/\/villasancarlos.club\/vsc\/wp-json\/wp\/v2\/posts\/26015\/revisions"}],"predecessor-version":[{"id":26025,"href":"https:\/\/villasancarlos.club\/vsc\/wp-json\/wp\/v2\/posts\/26015\/revisions\/26025"}],"wp:featuredmedia":[{"embeddable":true,"href":"https:\/\/villasancarlos.club\/vsc\/wp-json\/wp\/v2\/media\/26016"}],"wp:attachment":[{"href":"https:\/\/villasancarlos.club\/vsc\/wp-json\/wp\/v2\/media?parent=26015"}],"wp:term":[{"taxonomy":"category","embeddable":true,"href":"https:\/\/villasancarlos.club\/vsc\/wp-json\/wp\/v2\/categories?post=26015"},{"taxonomy":"post_tag","embeddable":true,"href":"https:\/\/villasancarlos.club\/vsc\/wp-json\/wp\/v2\/tags?post=26015"}],"curies":[{"name":"wp","href":"https:\/\/api.w.org\/{rel}","templated":true}]}}