{"id":25884,"date":"2025-03-28T18:48:54","date_gmt":"2025-03-28T21:48:54","guid":{"rendered":"https:\/\/villasancarlos.club\/vsc\/?p=25884"},"modified":"2025-03-28T20:34:50","modified_gmt":"2025-03-28T23:34:50","slug":"debut-con-derrota-2","status":"publish","type":"post","link":"https:\/\/villasancarlos.club\/vsc\/2025\/03\/debut-con-derrota-2\/","title":{"rendered":"Debut con derrota"},"content":{"rendered":"<h1>La Primera Divisi\u00f3n masculina del Club Atl\u00e9tico Villa San Carlos fue superada por Sud Am\u00e9rica en el debut del Torneo Apertura de la Zona B1 de la Asociaci\u00f3n Platense de B\u00e1squet.<\/h1>\n<p>Este jueves, la primera divisi\u00f3n masculina del Club Atl\u00e9tico Villa San Carlos volvi\u00f3 a la competencia oficial en la Asociaci\u00f3n Platense de B\u00e1squet (APdB). Lo hizo por el Torneo Apertura, en condici\u00f3n de visitante y ante Sud Am\u00e9rica.<\/p>\n<p>En concreto, fue derrota por 63 a 54 para el \u201cCeleste\u201d luego de parciales de: 10 \u2013 12; 15 \u2013 18; 17 \u2013 14; y 21 \u2013 10. Vale recordar que, el \u00fanico campe\u00f3n de Berisso en la categor\u00eda m\u00e1xima de la APdB estuvo bajo la conducci\u00f3n t\u00e9cnica de Emiliano Grosso ante la suspensi\u00f3n que debe cumplir Juan Mendy.<\/p>\n<p>El quinteto inicial de la Villa fue con Jer\u00f3nimo Arri (6pts), Franco Pocai (6pts), Patricio Lecumberry (6pts), Gabriel Cejas (12pts) y Pablo Marini (7pts). Adem\u00e1s vieron acci\u00f3n: Valent\u00edn Palucas; Santino Arri; Ivan Buszczak (2pts); Agust\u00edn N\u00fa\u00f1ez (15pts) y Dalmiro Molina.<\/p>\n<p>Con un paso en falso en la presentaci\u00f3n, Villa San Carlos har\u00e1 su debut en el Javier Murdolo el pr\u00f3ximo jueves 3 de abril ante Deportivo La Plata, por la fecha 2, desde las 21.30hs.<\/p>\n","protected":false},"excerpt":{"rendered":"<p>La Primera Divisi\u00f3n masculina del Club Atl\u00e9tico Villa San Carlos fue superada por Sud Am\u00e9rica en el debut del Torneo Apertura de la Zona B1 de la Asociaci\u00f3n Platense de B\u00e1squet. Este jueves, la primera divisi\u00f3n masculina del Club Atl\u00e9tico Villa San Carlos volvi\u00f3 a la competencia oficial en la Asociaci\u00f3n Platense de B\u00e1squet (APdB). [&#8230;]\n","protected":false},"author":1,"featured_media":25885,"comment_status":"closed","ping_status":"closed","sticky":false,"template":"","format":"standard","meta":{"footnotes":""},"categories":[3],"tags":[6],"class_list":["post-25884","post","type-post","status-publish","format-standard","has-post-thumbnail","hentry","category-basquet-1ra-division","tag-basquet"],"_links":{"self":[{"href":"https:\/\/villasancarlos.club\/vsc\/wp-json\/wp\/v2\/posts\/25884","targetHints":{"allow":["GET"]}}],"collection":[{"href":"https:\/\/villasancarlos.club\/vsc\/wp-json\/wp\/v2\/posts"}],"about":[{"href":"https:\/\/villasancarlos.club\/vsc\/wp-json\/wp\/v2\/types\/post"}],"author":[{"embeddable":true,"href":"https:\/\/villasancarlos.club\/vsc\/wp-json\/wp\/v2\/users\/1"}],"replies":[{"embeddable":true,"href":"https:\/\/villasancarlos.club\/vsc\/wp-json\/wp\/v2\/comments?post=25884"}],"version-history":[{"count":3,"href":"https:\/\/villasancarlos.club\/vsc\/wp-json\/wp\/v2\/posts\/25884\/revisions"}],"predecessor-version":[{"id":25894,"href":"https:\/\/villasancarlos.club\/vsc\/wp-json\/wp\/v2\/posts\/25884\/revisions\/25894"}],"wp:featuredmedia":[{"embeddable":true,"href":"https:\/\/villasancarlos.club\/vsc\/wp-json\/wp\/v2\/media\/25885"}],"wp:attachment":[{"href":"https:\/\/villasancarlos.club\/vsc\/wp-json\/wp\/v2\/media?parent=25884"}],"wp:term":[{"taxonomy":"category","embeddable":true,"href":"https:\/\/villasancarlos.club\/vsc\/wp-json\/wp\/v2\/categories?post=25884"},{"taxonomy":"post_tag","embeddable":true,"href":"https:\/\/villasancarlos.club\/vsc\/wp-json\/wp\/v2\/tags?post=25884"}],"curies":[{"name":"wp","href":"https:\/\/api.w.org\/{rel}","templated":true}]}}