{"id":25430,"date":"2025-02-01T12:24:21","date_gmt":"2025-02-01T15:24:21","guid":{"rendered":"https:\/\/villasancarlos.club\/vsc\/?p=25430"},"modified":"2025-02-01T12:27:54","modified_gmt":"2025-02-01T15:27:54","slug":"ultimo-amistoso-en-bosques","status":"publish","type":"post","link":"https:\/\/villasancarlos.club\/vsc\/2025\/02\/ultimo-amistoso-en-bosques\/","title":{"rendered":"\u00daltimo amistoso en Bosques"},"content":{"rendered":"<h1>Este s\u00e1bado por la ma\u00f1ana Villa San Carlos disput\u00f3 su \u00faltimo ensayo amistoso de preparaci\u00f3n para la temporada 2015. El \u201ccele\u201d visito a la reserva de Defensa y Justicia en su Predio de \u201cbosques\u201d.<\/h1>\n<p>Se disputaron cuatro bloques divididos en dos tiempos de 30 minutos cada uno. El primer ensayo fue triunfo para el elenco de Berisso por 2-1 con tantos de Emanuel Zagert y Mat\u00edas Samaniego. Por su parte, el segundo encuentro finaliz\u00f3 igualado sin tantos.<\/p>\n<figure id=\"attachment_25435\" aria-describedby=\"caption-attachment-25435\" style=\"width: 936px\" class=\"wp-caption alignnone\"><img loading=\"lazy\" decoding=\"async\" class=\"size-full wp-image-25435\" src=\"https:\/\/villasancarlos.club\/vsc\/wp-content\/uploads\/2025\/02\/383b2f59-2604-4e66-9683-13c87005bde7-1.jpeg\" alt=\"\" width=\"936\" height=\"624\" srcset=\"https:\/\/villasancarlos.club\/vsc\/wp-content\/uploads\/2025\/02\/383b2f59-2604-4e66-9683-13c87005bde7-1.jpeg 936w, https:\/\/villasancarlos.club\/vsc\/wp-content\/uploads\/2025\/02\/383b2f59-2604-4e66-9683-13c87005bde7-1-300x200.jpeg 300w, https:\/\/villasancarlos.club\/vsc\/wp-content\/uploads\/2025\/02\/383b2f59-2604-4e66-9683-13c87005bde7-1-600x400.jpeg 600w, https:\/\/villasancarlos.club\/vsc\/wp-content\/uploads\/2025\/02\/383b2f59-2604-4e66-9683-13c87005bde7-1-768x512.jpeg 768w\" sizes=\"auto, (max-width: 936px) 100vw, 936px\" \/><figcaption id=\"caption-attachment-25435\" class=\"wp-caption-text\"><strong>El \u201cchaco\u201d Zagert marc\u00f3 el primer tanto<\/strong><\/figcaption><\/figure>\n<p>Esta fue la \u00faltima pr\u00e1ctica amistosa para el equipo dirigido por Pablo Miranda , que se midi\u00f3 a lo largo de la misma ante Central C\u00f3rdoba de Santiago del Estero, Quilmes, las reservas de Estudiantes y Gimnasia de La Plata y Estrella del Sur.<\/p>\n<p>Ahora el villero se prepara para lo que ser\u00e1 el debut en la divisional frente a Liniers el pr\u00f3ximo domingo 8 de febrero, desde las 17hs en condici\u00f3n de visitante.<\/p>\n<figure id=\"attachment_25437\" aria-describedby=\"caption-attachment-25437\" style=\"width: 973px\" class=\"wp-caption alignnone\"><img loading=\"lazy\" decoding=\"async\" class=\"size-full wp-image-25437\" src=\"https:\/\/villasancarlos.club\/vsc\/wp-content\/uploads\/2025\/02\/70ab458d-41a7-4273-8a9a-605ebf210709.jpeg\" alt=\"\" width=\"973\" height=\"648\" srcset=\"https:\/\/villasancarlos.club\/vsc\/wp-content\/uploads\/2025\/02\/70ab458d-41a7-4273-8a9a-605ebf210709.jpeg 973w, https:\/\/villasancarlos.club\/vsc\/wp-content\/uploads\/2025\/02\/70ab458d-41a7-4273-8a9a-605ebf210709-300x200.jpeg 300w, https:\/\/villasancarlos.club\/vsc\/wp-content\/uploads\/2025\/02\/70ab458d-41a7-4273-8a9a-605ebf210709-600x400.jpeg 600w, https:\/\/villasancarlos.club\/vsc\/wp-content\/uploads\/2025\/02\/70ab458d-41a7-4273-8a9a-605ebf210709-768x511.jpeg 768w\" sizes=\"auto, (max-width: 973px) 100vw, 973px\" \/><figcaption id=\"caption-attachment-25437\" class=\"wp-caption-text\"><strong>Luca Ferro en acci\u00f3n.<\/strong><\/figcaption><\/figure>\n<p>El plantel tendr\u00e1 libre los d\u00edas domingo y lunes , volviendo a la pr\u00e1cticas el martes en horario matutino en SEC La Plata.<\/p>\n<p>&nbsp;<\/p>\n<p>&nbsp;<\/p>\n","protected":false},"excerpt":{"rendered":"<p>Este s\u00e1bado por la ma\u00f1ana Villa San Carlos disput\u00f3 su \u00faltimo ensayo amistoso de preparaci\u00f3n para la temporada 2015. El \u201ccele\u201d visito a la reserva de Defensa y Justicia en su Predio de \u201cbosques\u201d. Se disputaron cuatro bloques divididos en dos tiempos de 30 minutos cada uno. El primer ensayo fue triunfo para el elenco [&#8230;]\n","protected":false},"author":1,"featured_media":25434,"comment_status":"closed","ping_status":"closed","sticky":false,"template":"","format":"standard","meta":{"footnotes":""},"categories":[4],"tags":[5],"class_list":["post-25430","post","type-post","status-publish","format-standard","has-post-thumbnail","hentry","category-futbol-1ra-division","tag-futbol-1ra-division"],"_links":{"self":[{"href":"https:\/\/villasancarlos.club\/vsc\/wp-json\/wp\/v2\/posts\/25430","targetHints":{"allow":["GET"]}}],"collection":[{"href":"https:\/\/villasancarlos.club\/vsc\/wp-json\/wp\/v2\/posts"}],"about":[{"href":"https:\/\/villasancarlos.club\/vsc\/wp-json\/wp\/v2\/types\/post"}],"author":[{"embeddable":true,"href":"https:\/\/villasancarlos.club\/vsc\/wp-json\/wp\/v2\/users\/1"}],"replies":[{"embeddable":true,"href":"https:\/\/villasancarlos.club\/vsc\/wp-json\/wp\/v2\/comments?post=25430"}],"version-history":[{"count":3,"href":"https:\/\/villasancarlos.club\/vsc\/wp-json\/wp\/v2\/posts\/25430\/revisions"}],"predecessor-version":[{"id":25438,"href":"https:\/\/villasancarlos.club\/vsc\/wp-json\/wp\/v2\/posts\/25430\/revisions\/25438"}],"wp:featuredmedia":[{"embeddable":true,"href":"https:\/\/villasancarlos.club\/vsc\/wp-json\/wp\/v2\/media\/25434"}],"wp:attachment":[{"href":"https:\/\/villasancarlos.club\/vsc\/wp-json\/wp\/v2\/media?parent=25430"}],"wp:term":[{"taxonomy":"category","embeddable":true,"href":"https:\/\/villasancarlos.club\/vsc\/wp-json\/wp\/v2\/categories?post=25430"},{"taxonomy":"post_tag","embeddable":true,"href":"https:\/\/villasancarlos.club\/vsc\/wp-json\/wp\/v2\/tags?post=25430"}],"curies":[{"name":"wp","href":"https:\/\/api.w.org\/{rel}","templated":true}]}}