{"id":25419,"date":"2025-01-30T22:47:20","date_gmt":"2025-01-31T01:47:20","guid":{"rendered":"https:\/\/villasancarlos.club\/vsc\/?p=25419"},"modified":"2025-01-31T13:41:36","modified_gmt":"2025-01-31T16:41:36","slug":"el-salon-se-pone-a-punto","status":"publish","type":"post","link":"https:\/\/villasancarlos.club\/vsc\/2025\/01\/el-salon-se-pone-a-punto\/","title":{"rendered":"El Sal\u00f3n se pone a punto"},"content":{"rendered":"<h1>Aprovechando el receso de verano, el Club Atl\u00e9tico Villa San Carlos informa que se est\u00e1n realizando tareas de mantenimiento, pintura y limpieza en el sal\u00f3n de eventos &#8220;Norberto Pagliettini&#8221;.<\/h1>\n<p>A partir de febrero ya se encuentra disponible y no dudes de venir a festejar tu cumplea\u00f1os en el sal\u00f3n del club. Adem\u00e1s, siendo socio y con la cuota al d\u00eda tendr\u00e1s un descuento.<\/p>\n<p>Para m\u00e1s informaci\u00f3n pod\u00e9s enviar un whatsaap a la Secretar\u00eda del Club 221-6717618 o acercarte a la sede de lunes a viernes de 18 a 20hs.<\/p>\n<p><img loading=\"lazy\" decoding=\"async\" class=\"alignnone size-medium wp-image-25420\" src=\"https:\/\/villasancarlos.club\/vsc\/wp-content\/uploads\/2025\/01\/salon-1-960x720.jpg\" alt=\"\" width=\"960\" height=\"720\" srcset=\"https:\/\/villasancarlos.club\/vsc\/wp-content\/uploads\/2025\/01\/salon-1-960x720.jpg 960w, https:\/\/villasancarlos.club\/vsc\/wp-content\/uploads\/2025\/01\/salon-1-300x225.jpg 300w, https:\/\/villasancarlos.club\/vsc\/wp-content\/uploads\/2025\/01\/salon-1-600x450.jpg 600w, https:\/\/villasancarlos.club\/vsc\/wp-content\/uploads\/2025\/01\/salon-1-1200x900.jpg 1200w, https:\/\/villasancarlos.club\/vsc\/wp-content\/uploads\/2025\/01\/salon-1-768x576.jpg 768w, https:\/\/villasancarlos.club\/vsc\/wp-content\/uploads\/2025\/01\/salon-1-1536x1152.jpg 1536w, https:\/\/villasancarlos.club\/vsc\/wp-content\/uploads\/2025\/01\/salon-1.jpg 1600w\" sizes=\"auto, (max-width: 960px) 100vw, 960px\" \/><\/p>\n","protected":false},"excerpt":{"rendered":"<p>Aprovechando el receso de verano, el Club Atl\u00e9tico Villa San Carlos informa que se est\u00e1n realizando tareas de mantenimiento, pintura y limpieza en el sal\u00f3n de eventos &#8220;Norberto Pagliettini&#8221;. A partir de febrero ya se encuentra disponible y no dudes de venir a festejar tu cumplea\u00f1os en el sal\u00f3n del club. Adem\u00e1s, siendo socio y [&#8230;]\n","protected":false},"author":1,"featured_media":25425,"comment_status":"closed","ping_status":"closed","sticky":false,"template":"","format":"standard","meta":{"footnotes":""},"categories":[19,210],"tags":[91],"class_list":["post-25419","post","type-post","status-publish","format-standard","has-post-thumbnail","hentry","category-institucional","category-obras-y-mantenimiento","tag-obras"],"_links":{"self":[{"href":"https:\/\/villasancarlos.club\/vsc\/wp-json\/wp\/v2\/posts\/25419","targetHints":{"allow":["GET"]}}],"collection":[{"href":"https:\/\/villasancarlos.club\/vsc\/wp-json\/wp\/v2\/posts"}],"about":[{"href":"https:\/\/villasancarlos.club\/vsc\/wp-json\/wp\/v2\/types\/post"}],"author":[{"embeddable":true,"href":"https:\/\/villasancarlos.club\/vsc\/wp-json\/wp\/v2\/users\/1"}],"replies":[{"embeddable":true,"href":"https:\/\/villasancarlos.club\/vsc\/wp-json\/wp\/v2\/comments?post=25419"}],"version-history":[{"count":4,"href":"https:\/\/villasancarlos.club\/vsc\/wp-json\/wp\/v2\/posts\/25419\/revisions"}],"predecessor-version":[{"id":25426,"href":"https:\/\/villasancarlos.club\/vsc\/wp-json\/wp\/v2\/posts\/25419\/revisions\/25426"}],"wp:featuredmedia":[{"embeddable":true,"href":"https:\/\/villasancarlos.club\/vsc\/wp-json\/wp\/v2\/media\/25425"}],"wp:attachment":[{"href":"https:\/\/villasancarlos.club\/vsc\/wp-json\/wp\/v2\/media?parent=25419"}],"wp:term":[{"taxonomy":"category","embeddable":true,"href":"https:\/\/villasancarlos.club\/vsc\/wp-json\/wp\/v2\/categories?post=25419"},{"taxonomy":"post_tag","embeddable":true,"href":"https:\/\/villasancarlos.club\/vsc\/wp-json\/wp\/v2\/tags?post=25419"}],"curies":[{"name":"wp","href":"https:\/\/api.w.org\/{rel}","templated":true}]}}