{"id":25307,"date":"2025-01-10T21:02:29","date_gmt":"2025-01-11T00:02:29","guid":{"rendered":"https:\/\/villasancarlos.club\/vsc\/?p=25307"},"modified":"2025-01-10T21:02:29","modified_gmt":"2025-01-11T00:02:29","slug":"juan-meza-la-nueva-cara-de-villa-san-carlos","status":"publish","type":"post","link":"https:\/\/villasancarlos.club\/vsc\/2025\/01\/juan-meza-la-nueva-cara-de-villa-san-carlos\/","title":{"rendered":"Juan Meza la nueva cara de Villa San Carlos"},"content":{"rendered":"<h1>Juan Cruz Meza se convirti\u00f3 esta tarde en la octava incorporaci\u00f3n de Villa San Carlos para la afrontar la temporada 2025 de la Primera B. El jugador puso la firma por un a\u00f1o.<\/h1>\n<p>Meza llega proveniente de Sportivo Dock Sud y su posici\u00f3n es la de extremo, aunque tambi\u00e9n puede hacerlo como enganche. Surgido en las inferiores de Independiente, tambi\u00e9n registr\u00f3 pasos en San Lorenzo, Estudiantes (BA), Barracas Central, Naples United FC (Estados Unidos) y F\u00e9nix.<\/p>\n<p>Con su llegada se suma a las incorporaciones de <strong>Luca Ferro <\/strong>(Unidos de Olmos)<strong>, Santiago D\u00edaz <\/strong>(Estrella de Berisso)<strong>, Franco Ojeda<\/strong> (Excursionistas)<strong>, Pablo Bangardino <\/strong>(El Ceibo de Tres Lomas)<strong>, Ramiro \u00c1lvarez <\/strong>(Gimnasia LP)<strong>, Lautaro Greco <\/strong>(Quilmes)<strong>, Mart\u00edn Morales <\/strong>(Gimnasia LP).<\/p>\n<p>Se sumar\u00e1 a las pr\u00e1cticas este s\u00e1bado cuando el primer equipo enfrente a Central C\u00f3rdoba de Santiago del Estero en lo que ser\u00e1 el primer amistoso de pretemporada.<\/p>\n","protected":false},"excerpt":{"rendered":"<p>Juan Cruz Meza se convirti\u00f3 esta tarde en la octava incorporaci\u00f3n de Villa San Carlos para la afrontar la temporada 2025 de la Primera B. El jugador puso la firma por un a\u00f1o. Meza llega proveniente de Sportivo Dock Sud y su posici\u00f3n es la de extremo, aunque tambi\u00e9n puede hacerlo como enganche. Surgido en [&#8230;]\n","protected":false},"author":1,"featured_media":25308,"comment_status":"closed","ping_status":"closed","sticky":false,"template":"","format":"standard","meta":{"footnotes":""},"categories":[4],"tags":[5],"class_list":["post-25307","post","type-post","status-publish","format-standard","has-post-thumbnail","hentry","category-futbol-1ra-division","tag-futbol-1ra-division"],"_links":{"self":[{"href":"https:\/\/villasancarlos.club\/vsc\/wp-json\/wp\/v2\/posts\/25307","targetHints":{"allow":["GET"]}}],"collection":[{"href":"https:\/\/villasancarlos.club\/vsc\/wp-json\/wp\/v2\/posts"}],"about":[{"href":"https:\/\/villasancarlos.club\/vsc\/wp-json\/wp\/v2\/types\/post"}],"author":[{"embeddable":true,"href":"https:\/\/villasancarlos.club\/vsc\/wp-json\/wp\/v2\/users\/1"}],"replies":[{"embeddable":true,"href":"https:\/\/villasancarlos.club\/vsc\/wp-json\/wp\/v2\/comments?post=25307"}],"version-history":[{"count":1,"href":"https:\/\/villasancarlos.club\/vsc\/wp-json\/wp\/v2\/posts\/25307\/revisions"}],"predecessor-version":[{"id":25309,"href":"https:\/\/villasancarlos.club\/vsc\/wp-json\/wp\/v2\/posts\/25307\/revisions\/25309"}],"wp:featuredmedia":[{"embeddable":true,"href":"https:\/\/villasancarlos.club\/vsc\/wp-json\/wp\/v2\/media\/25308"}],"wp:attachment":[{"href":"https:\/\/villasancarlos.club\/vsc\/wp-json\/wp\/v2\/media?parent=25307"}],"wp:term":[{"taxonomy":"category","embeddable":true,"href":"https:\/\/villasancarlos.club\/vsc\/wp-json\/wp\/v2\/categories?post=25307"},{"taxonomy":"post_tag","embeddable":true,"href":"https:\/\/villasancarlos.club\/vsc\/wp-json\/wp\/v2\/tags?post=25307"}],"curies":[{"name":"wp","href":"https:\/\/api.w.org\/{rel}","templated":true}]}}