{"id":25264,"date":"2025-01-04T20:50:13","date_gmt":"2025-01-04T23:50:13","guid":{"rendered":"https:\/\/villasancarlos.club\/vsc\/?p=25264"},"modified":"2025-01-05T23:30:21","modified_gmt":"2025-01-06T02:30:21","slug":"el-desafio-es-poner-a-la-villa-en-el-lugar-que-se-merece","status":"publish","type":"post","link":"https:\/\/villasancarlos.club\/vsc\/2025\/01\/el-desafio-es-poner-a-la-villa-en-el-lugar-que-se-merece\/","title":{"rendered":"Mendy &#8220;El desaf\u00edo es poner a la &#8220;Villa&#8221; en el lugar que se merece&#8221;"},"content":{"rendered":"<p>Juan Mart\u00edn Mendy, flamante Director T\u00e9cnico del primer equipo de b\u00e1squet &#8220;villero&#8221;, dialog\u00f3 con el sitio oficial del club y dej\u00f3 sus primeras sensaciones como entrenador del &#8220;Cele&#8221;.<strong> &#8220;A fin de a\u00f1o decid\u00ed\u00a0 escuchar propuestas, lleg\u00f3 la de la &#8220;Villa&#8221; y me gust\u00f3 volver a dirigir una primera , m\u00e1s en un club como este con tanta historia. El desaf\u00edo es poner a la &#8220;Villa&#8221; en el lugar que se merece&#8221;<\/strong>, dijo Mendy.<\/p>\n<p><img loading=\"lazy\" decoding=\"async\" class=\"alignnone size-full wp-image-25265\" src=\"https:\/\/villasancarlos.club\/vsc\/wp-content\/uploads\/2025\/01\/Juan-Martin-Mendy-3.jpg\" alt=\"\" width=\"1024\" height=\"683\" srcset=\"https:\/\/villasancarlos.club\/vsc\/wp-content\/uploads\/2025\/01\/Juan-Martin-Mendy-3.jpg 1024w, https:\/\/villasancarlos.club\/vsc\/wp-content\/uploads\/2025\/01\/Juan-Martin-Mendy-3-300x200.jpg 300w, https:\/\/villasancarlos.club\/vsc\/wp-content\/uploads\/2025\/01\/Juan-Martin-Mendy-3-600x400.jpg 600w, https:\/\/villasancarlos.club\/vsc\/wp-content\/uploads\/2025\/01\/Juan-Martin-Mendy-3-768x512.jpg 768w\" sizes=\"auto, (max-width: 1024px) 100vw, 1024px\" \/><\/p>\n<p><strong>&#8220;Habl\u00e9 con la familia, con entrenadores y con amigos de esta propuesta y todos con los que habl\u00e9 no dudaron en decirme que la acepte. El primero que me lo dijo fue Agust\u00edn Lukac con quien yo trabaj\u00e9 hace unos a\u00f1os&#8221;<\/strong>, afirm\u00f3 Mendy de extensa trayectoria como ayudante y t\u00e9cnico en Unidos del Dique, Comunidad Rural, Circulo Tolosano, Ceye, Circulo Penitenciario y Platense.<\/p>\n<p>Mendy , que tambi\u00e9n dirigir\u00e1 la U19, se refiri\u00f3 a su llegada y las expectativas para el 2025:<strong> &#8220;El objetivo es llegar a lo m\u00e1ximo , a estar en la A1. Se que vengo a una instituci\u00f3n donde los \u00faltimos entrenadores eran del ri\u00f1\u00f3n del club y tambi\u00e9n es un desaf\u00edo para mi. Voy a conocer un grupo nuevo. Desde que estoy veo un club organizado, est\u00e1n pendiente si necesito algo y todav\u00eda no empezamos a entrenar. Ya me dieron la ropa del club y eso no pasa en todos lados&#8221;,<\/strong> afirm\u00f3.<\/p>\n<p><img loading=\"lazy\" decoding=\"async\" class=\"alignnone size-full wp-image-25266\" src=\"https:\/\/villasancarlos.club\/vsc\/wp-content\/uploads\/2025\/01\/Juan-Martin-Mendy-2.jpg\" alt=\"\" width=\"1024\" height=\"713\" srcset=\"https:\/\/villasancarlos.club\/vsc\/wp-content\/uploads\/2025\/01\/Juan-Martin-Mendy-2.jpg 1024w, https:\/\/villasancarlos.club\/vsc\/wp-content\/uploads\/2025\/01\/Juan-Martin-Mendy-2-300x209.jpg 300w, https:\/\/villasancarlos.club\/vsc\/wp-content\/uploads\/2025\/01\/Juan-Martin-Mendy-2-600x418.jpg 600w, https:\/\/villasancarlos.club\/vsc\/wp-content\/uploads\/2025\/01\/Juan-Martin-Mendy-2-768x535.jpg 768w\" sizes=\"auto, (max-width: 1024px) 100vw, 1024px\" \/><\/p>\n<p>Por \u00faltimo se refiri\u00f3 al comienzo de los entrenamientos:<strong> &#8220;Vamos a comenzar el 3 de Febrero con Brian Desimone que es el Profe y vamos a entrenar cuatro o cinco d\u00edas a la semana. Tenemos en claro que ser\u00e1 una pretemporada larga as\u00ed que la tarea nuestra es que sea din\u00e1mica para todos&#8221;<\/strong>, finaliz\u00f3.<\/p>\n","protected":false},"excerpt":{"rendered":"<p>Juan Mart\u00edn Mendy, flamante Director T\u00e9cnico del primer equipo de b\u00e1squet &#8220;villero&#8221;, dialog\u00f3 con el sitio oficial del club y dej\u00f3 sus primeras sensaciones como entrenador del &#8220;Cele&#8221;. &#8220;A fin de a\u00f1o decid\u00ed\u00a0 escuchar propuestas, lleg\u00f3 la de la &#8220;Villa&#8221; y me gust\u00f3 volver a dirigir una primera , m\u00e1s en un club como este [&#8230;]\n","protected":false},"author":1,"featured_media":25267,"comment_status":"closed","ping_status":"closed","sticky":false,"template":"","format":"standard","meta":{"footnotes":""},"categories":[3],"tags":[],"class_list":["post-25264","post","type-post","status-publish","format-standard","has-post-thumbnail","hentry","category-basquet-1ra-division"],"_links":{"self":[{"href":"https:\/\/villasancarlos.club\/vsc\/wp-json\/wp\/v2\/posts\/25264","targetHints":{"allow":["GET"]}}],"collection":[{"href":"https:\/\/villasancarlos.club\/vsc\/wp-json\/wp\/v2\/posts"}],"about":[{"href":"https:\/\/villasancarlos.club\/vsc\/wp-json\/wp\/v2\/types\/post"}],"author":[{"embeddable":true,"href":"https:\/\/villasancarlos.club\/vsc\/wp-json\/wp\/v2\/users\/1"}],"replies":[{"embeddable":true,"href":"https:\/\/villasancarlos.club\/vsc\/wp-json\/wp\/v2\/comments?post=25264"}],"version-history":[{"count":5,"href":"https:\/\/villasancarlos.club\/vsc\/wp-json\/wp\/v2\/posts\/25264\/revisions"}],"predecessor-version":[{"id":25272,"href":"https:\/\/villasancarlos.club\/vsc\/wp-json\/wp\/v2\/posts\/25264\/revisions\/25272"}],"wp:featuredmedia":[{"embeddable":true,"href":"https:\/\/villasancarlos.club\/vsc\/wp-json\/wp\/v2\/media\/25267"}],"wp:attachment":[{"href":"https:\/\/villasancarlos.club\/vsc\/wp-json\/wp\/v2\/media?parent=25264"}],"wp:term":[{"taxonomy":"category","embeddable":true,"href":"https:\/\/villasancarlos.club\/vsc\/wp-json\/wp\/v2\/categories?post=25264"},{"taxonomy":"post_tag","embeddable":true,"href":"https:\/\/villasancarlos.club\/vsc\/wp-json\/wp\/v2\/tags?post=25264"}],"curies":[{"name":"wp","href":"https:\/\/api.w.org\/{rel}","templated":true}]}}