{"id":25197,"date":"2024-12-22T10:21:27","date_gmt":"2024-12-22T13:21:27","guid":{"rendered":"https:\/\/villasancarlos.club\/vsc\/?p=25197"},"modified":"2024-12-27T10:25:29","modified_gmt":"2024-12-27T13:25:29","slug":"el-basquet-villero-tiene-nuevo-entrenador","status":"publish","type":"post","link":"https:\/\/villasancarlos.club\/vsc\/2024\/12\/el-basquet-villero-tiene-nuevo-entrenador\/","title":{"rendered":"El b\u00e1squet Villero tiene nuevo entrenador"},"content":{"rendered":"<h1>Se trata de Juan Mendy, quien se har\u00e1 cargo de conducir la Primera Divisi\u00f3n masculina para el pr\u00f3ximo campeonato de la Zona B1 de la Asociaci\u00f3n Platense de B\u00e1squet.<\/h1>\n<p>Para cerrar el a\u00f1o, el Club Atl\u00e9tico Villa San Carlos lleg\u00f3 a un acuerdo con <strong>Juan Mart\u00edn Mendy<\/strong> para que se convierta en el entrenador del plantel de Primera Divisi\u00f3n masculino de b\u00e1squet. De esa manera, el \u00fanico equipo de Berisso en consagrarse campe\u00f3n en la Asociaci\u00f3n Platense de B\u00e1squet (APdB) comienza a proyectar el 2025 que lo tendr\u00e1 como uno de los protagonistas de la Zona B1.<\/p>\n<p>Cabe destacar que, Mendy, quien reemplazar\u00e1 al mando del primer equipo a Diego \u201cEl Cabe\u201d Ebra, estar\u00e1 acompa\u00f1ado en el Cuerpo T\u00e9cnico por Brian Desimone. El flamante coach del Cele viene de formar parte del Club Platense como asistente principal de Mauro Tartaglia en la mejor campa\u00f1a del Tricolor.<\/p>\n<p>En tanto, Ebra seguir\u00e1 ligado a la instituci\u00f3n con la que logr\u00f3 el campeonato de la B1 en junio de este a\u00f1o y ser\u00e1 el nuevo coordinador general del b\u00e1squet Villero.<\/p>\n","protected":false},"excerpt":{"rendered":"<p>Se trata de Juan Mendy, quien se har\u00e1 cargo de conducir la Primera Divisi\u00f3n masculina para el pr\u00f3ximo campeonato de la Zona B1 de la Asociaci\u00f3n Platense de B\u00e1squet. Para cerrar el a\u00f1o, el Club Atl\u00e9tico Villa San Carlos lleg\u00f3 a un acuerdo con Juan Mart\u00edn Mendy para que se convierta en el entrenador del [&#8230;]\n","protected":false},"author":1,"featured_media":25200,"comment_status":"closed","ping_status":"closed","sticky":false,"template":"","format":"standard","meta":{"footnotes":""},"categories":[79,3],"tags":[6,213],"class_list":["post-25197","post","type-post","status-publish","format-standard","has-post-thumbnail","hentry","category-basquet","category-basquet-1ra-division","tag-basquet","tag-basquet-1ra"],"_links":{"self":[{"href":"https:\/\/villasancarlos.club\/vsc\/wp-json\/wp\/v2\/posts\/25197","targetHints":{"allow":["GET"]}}],"collection":[{"href":"https:\/\/villasancarlos.club\/vsc\/wp-json\/wp\/v2\/posts"}],"about":[{"href":"https:\/\/villasancarlos.club\/vsc\/wp-json\/wp\/v2\/types\/post"}],"author":[{"embeddable":true,"href":"https:\/\/villasancarlos.club\/vsc\/wp-json\/wp\/v2\/users\/1"}],"replies":[{"embeddable":true,"href":"https:\/\/villasancarlos.club\/vsc\/wp-json\/wp\/v2\/comments?post=25197"}],"version-history":[{"count":1,"href":"https:\/\/villasancarlos.club\/vsc\/wp-json\/wp\/v2\/posts\/25197\/revisions"}],"predecessor-version":[{"id":25199,"href":"https:\/\/villasancarlos.club\/vsc\/wp-json\/wp\/v2\/posts\/25197\/revisions\/25199"}],"wp:featuredmedia":[{"embeddable":true,"href":"https:\/\/villasancarlos.club\/vsc\/wp-json\/wp\/v2\/media\/25200"}],"wp:attachment":[{"href":"https:\/\/villasancarlos.club\/vsc\/wp-json\/wp\/v2\/media?parent=25197"}],"wp:term":[{"taxonomy":"category","embeddable":true,"href":"https:\/\/villasancarlos.club\/vsc\/wp-json\/wp\/v2\/categories?post=25197"},{"taxonomy":"post_tag","embeddable":true,"href":"https:\/\/villasancarlos.club\/vsc\/wp-json\/wp\/v2\/tags?post=25197"}],"curies":[{"name":"wp","href":"https:\/\/api.w.org\/{rel}","templated":true}]}}