{"id":25143,"date":"2024-12-20T01:08:26","date_gmt":"2024-12-20T04:08:26","guid":{"rendered":"https:\/\/villasancarlos.club\/vsc\/?p=25143"},"modified":"2024-12-24T01:20:33","modified_gmt":"2024-12-24T04:20:33","slug":"se-presento-villa-san-carlos-en-afa-2002-2024","status":"publish","type":"post","link":"https:\/\/villasancarlos.club\/vsc\/2024\/12\/se-presento-villa-san-carlos-en-afa-2002-2024\/","title":{"rendered":"Se present\u00f3 Villa San Carlos en  AFA (2002-2024)"},"content":{"rendered":"<h1>Este viernes se present\u00f3 en la Sede social del Club la continuidad del libro &#8220;Villa San Carlos en AFA&#8221; que va desde 2002 a 2024.<\/h1>\n<p>El mismo fue escrito por el historiador Daniel \u00c1lvarez junto al periodista Mart\u00edn Ort\u00edz y es la continuaci\u00f3n del libro presentado hace dos a\u00f1os que iba del a\u00f1o 1967 al 2002.<\/p>\n<p>Al evento se acercaron ex jugadores y entrenadores del club como socios e hinchas que colmaron la sala de presidencia para llevarse un ejemplar. El mismo se podr\u00e1 conseguir en secretar\u00eda del club a partir del 6 de enero, cuando vuelva a abrir sus puertas para la atenci\u00f3n al p\u00fablico.<\/p>\n<figure id=\"attachment_25145\" aria-describedby=\"caption-attachment-25145\" style=\"width: 1024px\" class=\"wp-caption aligncenter\"><img loading=\"lazy\" decoding=\"async\" class=\"wp-image-25145 size-full\" src=\"https:\/\/villasancarlos.club\/vsc\/wp-content\/uploads\/2024\/12\/20241220_213245.jpg\" alt=\"\" width=\"1024\" height=\"768\" srcset=\"https:\/\/villasancarlos.club\/vsc\/wp-content\/uploads\/2024\/12\/20241220_213245.jpg 1024w, https:\/\/villasancarlos.club\/vsc\/wp-content\/uploads\/2024\/12\/20241220_213245-300x225.jpg 300w, https:\/\/villasancarlos.club\/vsc\/wp-content\/uploads\/2024\/12\/20241220_213245-600x450.jpg 600w, https:\/\/villasancarlos.club\/vsc\/wp-content\/uploads\/2024\/12\/20241220_213245-960x720.jpg 960w, https:\/\/villasancarlos.club\/vsc\/wp-content\/uploads\/2024\/12\/20241220_213245-768x576.jpg 768w\" sizes=\"auto, (max-width: 1024px) 100vw, 1024px\" \/><figcaption id=\"caption-attachment-25145\" class=\"wp-caption-text\"><strong>Ricardo Rezza presente en la presentaci\u00f3n.<\/strong><\/figcaption><\/figure>\n","protected":false},"excerpt":{"rendered":"<p>Este viernes se present\u00f3 en la Sede social del Club la continuidad del libro &#8220;Villa San Carlos en AFA&#8221; que va desde 2002 a 2024. El mismo fue escrito por el historiador Daniel \u00c1lvarez junto al periodista Mart\u00edn Ort\u00edz y es la continuaci\u00f3n del libro presentado hace dos a\u00f1os que iba del a\u00f1o 1967 al [&#8230;]\n","protected":false},"author":1,"featured_media":25144,"comment_status":"closed","ping_status":"closed","sticky":false,"template":"","format":"standard","meta":{"footnotes":""},"categories":[208,19,65],"tags":[209,20],"class_list":["post-25143","post","type-post","status-publish","format-standard","has-post-thumbnail","hentry","category-block-idauto-draft","category-institucional","category-noticias","tag-cultura","tag-institucional"],"_links":{"self":[{"href":"https:\/\/villasancarlos.club\/vsc\/wp-json\/wp\/v2\/posts\/25143","targetHints":{"allow":["GET"]}}],"collection":[{"href":"https:\/\/villasancarlos.club\/vsc\/wp-json\/wp\/v2\/posts"}],"about":[{"href":"https:\/\/villasancarlos.club\/vsc\/wp-json\/wp\/v2\/types\/post"}],"author":[{"embeddable":true,"href":"https:\/\/villasancarlos.club\/vsc\/wp-json\/wp\/v2\/users\/1"}],"replies":[{"embeddable":true,"href":"https:\/\/villasancarlos.club\/vsc\/wp-json\/wp\/v2\/comments?post=25143"}],"version-history":[{"count":1,"href":"https:\/\/villasancarlos.club\/vsc\/wp-json\/wp\/v2\/posts\/25143\/revisions"}],"predecessor-version":[{"id":25146,"href":"https:\/\/villasancarlos.club\/vsc\/wp-json\/wp\/v2\/posts\/25143\/revisions\/25146"}],"wp:featuredmedia":[{"embeddable":true,"href":"https:\/\/villasancarlos.club\/vsc\/wp-json\/wp\/v2\/media\/25144"}],"wp:attachment":[{"href":"https:\/\/villasancarlos.club\/vsc\/wp-json\/wp\/v2\/media?parent=25143"}],"wp:term":[{"taxonomy":"category","embeddable":true,"href":"https:\/\/villasancarlos.club\/vsc\/wp-json\/wp\/v2\/categories?post=25143"},{"taxonomy":"post_tag","embeddable":true,"href":"https:\/\/villasancarlos.club\/vsc\/wp-json\/wp\/v2\/tags?post=25143"}],"curies":[{"name":"wp","href":"https:\/\/api.w.org\/{rel}","templated":true}]}}