{"id":24070,"date":"2024-09-19T16:23:52","date_gmt":"2024-09-19T19:23:52","guid":{"rendered":"https:\/\/villasancarlos.club\/vsc\/?p=24070"},"modified":"2024-09-19T20:05:14","modified_gmt":"2024-09-19T23:05:14","slug":"caida-en-casa-para-la-tercera","status":"publish","type":"post","link":"https:\/\/villasancarlos.club\/vsc\/2024\/09\/caida-en-casa-para-la-tercera\/","title":{"rendered":"Ca\u00edda en casa para la Tercera"},"content":{"rendered":"\n<h2 class=\"wp-block-heading\">Este jueves la Tercera Divisi\u00f3n villera volvi\u00f3 a caer en el Torneo de reserva de la Primera B. En esta ocasi\u00f3n el &#8220;cele&#8221; cay\u00f3 como local 1 a 0 ante su par de Flandria por la segunda fecha del certamen.<\/h2>\n\n\n\n<p>Luego de la ca\u00edda en el inicio del nuevo certamen frente a Sacachispas, el villero volvi\u00f3 a tropezar este jueves cuando en el Predio Pasi\u00f3n Villera cayera 1-0 ante Flandria en un partido muy trabado y accidentado. El \u00fanico tanto del encuentro lo convirti\u00f3 Agust\u00edn Amacaratti en el primer tiempo.<\/p>\n\n\n\n<p>El pr\u00f3ximo Jueves se medir\u00e1 ante Argentino de Quilmes en condici\u00f3n de visitante por la tercera fecha del certamen.<\/p>\n\n\n\n<figure class=\"wp-block-image size-full\"><img loading=\"lazy\" decoding=\"async\" width=\"1024\" height=\"683\" src=\"https:\/\/villasancarlos.club\/vsc\/wp-content\/uploads\/2024\/09\/DSC_0792.jpg\" alt=\"\" class=\"wp-image-24072\" srcset=\"https:\/\/villasancarlos.club\/vsc\/wp-content\/uploads\/2024\/09\/DSC_0792.jpg 1024w, https:\/\/villasancarlos.club\/vsc\/wp-content\/uploads\/2024\/09\/DSC_0792-300x200.jpg 300w, https:\/\/villasancarlos.club\/vsc\/wp-content\/uploads\/2024\/09\/DSC_0792-600x400.jpg 600w, https:\/\/villasancarlos.club\/vsc\/wp-content\/uploads\/2024\/09\/DSC_0792-768x512.jpg 768w\" sizes=\"auto, (max-width: 1024px) 100vw, 1024px\" \/><figcaption class=\"wp-element-caption\"><strong>Leo Z\u00e1bala tuvo minutos en reserva.<\/strong><\/figcaption><\/figure>\n\n\n\n<p><\/p>\n","protected":false},"excerpt":{"rendered":"<p>Este jueves la Tercera Divisi\u00f3n villera volvi\u00f3 a caer en el Torneo de reserva de la Primera B. En esta ocasi\u00f3n el &#8220;cele&#8221; cay\u00f3 como local 1 a 0 ante su par de Flandria por la segunda fecha del certamen. Luego de la ca\u00edda en el inicio del nuevo certamen frente a Sacachispas, el villero [&#8230;]\n","protected":false},"author":1,"featured_media":24071,"comment_status":"open","ping_status":"open","sticky":false,"template":"","format":"standard","meta":{"footnotes":""},"categories":[17],"tags":[76],"class_list":["post-24070","post","type-post","status-publish","format-standard","has-post-thumbnail","hentry","category-tercera-division","tag-tercera-division"],"_links":{"self":[{"href":"https:\/\/villasancarlos.club\/vsc\/wp-json\/wp\/v2\/posts\/24070","targetHints":{"allow":["GET"]}}],"collection":[{"href":"https:\/\/villasancarlos.club\/vsc\/wp-json\/wp\/v2\/posts"}],"about":[{"href":"https:\/\/villasancarlos.club\/vsc\/wp-json\/wp\/v2\/types\/post"}],"author":[{"embeddable":true,"href":"https:\/\/villasancarlos.club\/vsc\/wp-json\/wp\/v2\/users\/1"}],"replies":[{"embeddable":true,"href":"https:\/\/villasancarlos.club\/vsc\/wp-json\/wp\/v2\/comments?post=24070"}],"version-history":[{"count":2,"href":"https:\/\/villasancarlos.club\/vsc\/wp-json\/wp\/v2\/posts\/24070\/revisions"}],"predecessor-version":[{"id":24078,"href":"https:\/\/villasancarlos.club\/vsc\/wp-json\/wp\/v2\/posts\/24070\/revisions\/24078"}],"wp:featuredmedia":[{"embeddable":true,"href":"https:\/\/villasancarlos.club\/vsc\/wp-json\/wp\/v2\/media\/24071"}],"wp:attachment":[{"href":"https:\/\/villasancarlos.club\/vsc\/wp-json\/wp\/v2\/media?parent=24070"}],"wp:term":[{"taxonomy":"category","embeddable":true,"href":"https:\/\/villasancarlos.club\/vsc\/wp-json\/wp\/v2\/categories?post=24070"},{"taxonomy":"post_tag","embeddable":true,"href":"https:\/\/villasancarlos.club\/vsc\/wp-json\/wp\/v2\/tags?post=24070"}],"curies":[{"name":"wp","href":"https:\/\/api.w.org\/{rel}","templated":true}]}}