{"id":24013,"date":"2024-09-09T19:46:31","date_gmt":"2024-09-09T22:46:31","guid":{"rendered":"https:\/\/villasancarlos.club\/vsc\/?p=24013"},"modified":"2024-09-09T19:46:33","modified_gmt":"2024-09-09T22:46:33","slug":"el-cele-visito-a-general-lamadrid","status":"publish","type":"post","link":"https:\/\/villasancarlos.club\/vsc\/2024\/09\/el-cele-visito-a-general-lamadrid\/","title":{"rendered":"El &#8220;Cele&#8221; visit\u00f3 a General Lamadrid"},"content":{"rendered":"\n<p>Por la d\u00e9cimo tercera fecha del Torneo de Infantiles que organiza la Asociaci\u00f3n de F\u00fatbol Argentino, Villa San Carlos y General Lamadrid se enfrentaron por la Zona D. Hubo dos victorias para el &#8220;villero&#8221; y otras dos para el &#8220;carcelero&#8221; en lo que fue una jornada pareja. La pr\u00f3xima fecha, la &#8220;Villa&#8221; recibe en el Predio &#8220;Pasi\u00f3n Villera&#8221; a Everton.<\/p>\n\n\n\n<p>Estos fueron los resultados de la jornada:<\/p>\n\n\n\n<p>2014 General Lamadrid 2 &#8211; <strong>Villa San Carlos 0 <\/strong><br>2013 General Lamadrid 0 &#8211; <strong>Villa San Carlos 1<\/strong> (Roman Ferreyra)<br>2012 General Lamadrid 2 &#8211; <strong>Villa San Carlos 1<\/strong> (Monzon) <br>2011 General Lamadrid 1 &#8211; <strong>Villa San Carlos 5<\/strong> (Bautista Araujo, Benjamin Araujo, Arce y Budi\u00f1o -2-)<\/p>\n\n\n\n<p>Foto | La Foto del Pibe<\/p>\n","protected":false},"excerpt":{"rendered":"<p>Por la d\u00e9cimo tercera fecha del Torneo de Infantiles que organiza la Asociaci\u00f3n de F\u00fatbol Argentino, Villa San Carlos y General Lamadrid se enfrentaron por la Zona D. Hubo dos victorias para el &#8220;villero&#8221; y otras dos para el &#8220;carcelero&#8221; en lo que fue una jornada pareja. La pr\u00f3xima fecha, la &#8220;Villa&#8221; recibe en el [&#8230;]\n","protected":false},"author":1,"featured_media":24014,"comment_status":"open","ping_status":"open","sticky":false,"template":"","format":"standard","meta":{"footnotes":""},"categories":[2],"tags":[26],"class_list":["post-24013","post","type-post","status-publish","format-standard","has-post-thumbnail","hentry","category-futbol-infantil","tag-futbol-infantil"],"_links":{"self":[{"href":"https:\/\/villasancarlos.club\/vsc\/wp-json\/wp\/v2\/posts\/24013","targetHints":{"allow":["GET"]}}],"collection":[{"href":"https:\/\/villasancarlos.club\/vsc\/wp-json\/wp\/v2\/posts"}],"about":[{"href":"https:\/\/villasancarlos.club\/vsc\/wp-json\/wp\/v2\/types\/post"}],"author":[{"embeddable":true,"href":"https:\/\/villasancarlos.club\/vsc\/wp-json\/wp\/v2\/users\/1"}],"replies":[{"embeddable":true,"href":"https:\/\/villasancarlos.club\/vsc\/wp-json\/wp\/v2\/comments?post=24013"}],"version-history":[{"count":1,"href":"https:\/\/villasancarlos.club\/vsc\/wp-json\/wp\/v2\/posts\/24013\/revisions"}],"predecessor-version":[{"id":24015,"href":"https:\/\/villasancarlos.club\/vsc\/wp-json\/wp\/v2\/posts\/24013\/revisions\/24015"}],"wp:featuredmedia":[{"embeddable":true,"href":"https:\/\/villasancarlos.club\/vsc\/wp-json\/wp\/v2\/media\/24014"}],"wp:attachment":[{"href":"https:\/\/villasancarlos.club\/vsc\/wp-json\/wp\/v2\/media?parent=24013"}],"wp:term":[{"taxonomy":"category","embeddable":true,"href":"https:\/\/villasancarlos.club\/vsc\/wp-json\/wp\/v2\/categories?post=24013"},{"taxonomy":"post_tag","embeddable":true,"href":"https:\/\/villasancarlos.club\/vsc\/wp-json\/wp\/v2\/tags?post=24013"}],"curies":[{"name":"wp","href":"https:\/\/api.w.org\/{rel}","templated":true}]}}