{"id":23987,"date":"2024-08-31T20:29:00","date_gmt":"2024-08-31T23:29:00","guid":{"rendered":"https:\/\/villasancarlos.club\/vsc\/?p=23987"},"modified":"2024-08-31T20:29:01","modified_gmt":"2024-08-31T23:29:01","slug":"amistoso-para-la-octava-y-suspension-de-actividades-por-las-lluvias","status":"publish","type":"post","link":"https:\/\/villasancarlos.club\/vsc\/2024\/08\/amistoso-para-la-octava-y-suspension-de-actividades-por-las-lluvias\/","title":{"rendered":"Amistoso para la Octava y suspensi\u00f3n de actividades por las lluvias"},"content":{"rendered":"\n<p>La Octava del Cele disput\u00f3 un amistoso con la Selecci\u00f3n Sub 15 de la Liga Amateur Platense, en el Predio Pasi\u00f3n Villera.<\/p>\n\n\n\n<p>El encuentro, que se dividi\u00f3 en tres bloques de treinta minutos, finaliz\u00f3 1-1, con gol de Sacha Benz para la &#8220;Villa&#8221;.<\/p>\n\n\n\n<p>Por otra parte, AFA confirm\u00f3 la suspensi\u00f3n de partidos de #JuvenilesB debido a las condiciones clim\u00e1ticas previstas para esta noche y ma\u00f1ana. San Carlos deb\u00eda medirse con Los Andes en el marco de la fecha 14.<\/p>\n","protected":false},"excerpt":{"rendered":"<p>La Octava del Cele disput\u00f3 un amistoso con la Selecci\u00f3n Sub 15 de la Liga Amateur Platense, en el Predio Pasi\u00f3n Villera. El encuentro, que se dividi\u00f3 en tres bloques de treinta minutos, finaliz\u00f3 1-1, con gol de Sacha Benz para la &#8220;Villa&#8221;. Por otra parte, AFA confirm\u00f3 la suspensi\u00f3n de partidos de #JuvenilesB debido [&#8230;]\n","protected":false},"author":1,"featured_media":23988,"comment_status":"open","ping_status":"open","sticky":false,"template":"","format":"standard","meta":{"footnotes":""},"categories":[22],"tags":[23],"class_list":["post-23987","post","type-post","status-publish","format-standard","has-post-thumbnail","hentry","category-futbol-juvenil","tag-futbol-juvenil"],"_links":{"self":[{"href":"https:\/\/villasancarlos.club\/vsc\/wp-json\/wp\/v2\/posts\/23987","targetHints":{"allow":["GET"]}}],"collection":[{"href":"https:\/\/villasancarlos.club\/vsc\/wp-json\/wp\/v2\/posts"}],"about":[{"href":"https:\/\/villasancarlos.club\/vsc\/wp-json\/wp\/v2\/types\/post"}],"author":[{"embeddable":true,"href":"https:\/\/villasancarlos.club\/vsc\/wp-json\/wp\/v2\/users\/1"}],"replies":[{"embeddable":true,"href":"https:\/\/villasancarlos.club\/vsc\/wp-json\/wp\/v2\/comments?post=23987"}],"version-history":[{"count":1,"href":"https:\/\/villasancarlos.club\/vsc\/wp-json\/wp\/v2\/posts\/23987\/revisions"}],"predecessor-version":[{"id":23989,"href":"https:\/\/villasancarlos.club\/vsc\/wp-json\/wp\/v2\/posts\/23987\/revisions\/23989"}],"wp:featuredmedia":[{"embeddable":true,"href":"https:\/\/villasancarlos.club\/vsc\/wp-json\/wp\/v2\/media\/23988"}],"wp:attachment":[{"href":"https:\/\/villasancarlos.club\/vsc\/wp-json\/wp\/v2\/media?parent=23987"}],"wp:term":[{"taxonomy":"category","embeddable":true,"href":"https:\/\/villasancarlos.club\/vsc\/wp-json\/wp\/v2\/categories?post=23987"},{"taxonomy":"post_tag","embeddable":true,"href":"https:\/\/villasancarlos.club\/vsc\/wp-json\/wp\/v2\/tags?post=23987"}],"curies":[{"name":"wp","href":"https:\/\/api.w.org\/{rel}","templated":true}]}}