{"id":23969,"date":"2024-08-27T21:23:30","date_gmt":"2024-08-28T00:23:30","guid":{"rendered":"https:\/\/villasancarlos.club\/vsc\/?p=23969"},"modified":"2024-08-27T21:23:33","modified_gmt":"2024-08-28T00:23:33","slug":"se-jugo-ante-el-lila","status":"publish","type":"post","link":"https:\/\/villasancarlos.club\/vsc\/2024\/08\/se-jugo-ante-el-lila\/","title":{"rendered":"Se jug\u00f3 ante el &#8220;Lila&#8221;"},"content":{"rendered":"\n<p>Las divisiones juveniles de Villa San Carlos disputaron una nueva fecha del campeonato de Juveniles B de AFA. En esta ocasi\u00f3n, los chicos se midieron con Sacachispas.<br>El s\u00e1bado, en el Predio Pasi\u00f3n Villera, los m\u00e1s grandes recibieron al Lila. La Cuarta comenz\u00f3 la jornada con un empate 1-1, con gol de Carlos Denis. Luego, la Quinta dio catedra y se impuso por 5-0, siendo Agust\u00edn Rognoni el gran goleador de la tarde con tres tantos. Tambi\u00e9n marcaron Joaqu\u00edn Eiras y Joel Aguilera. La Sexta, por su parte, igual\u00f3 sin goles.<br>El domingo, los m\u00e1s chicos viajaron a Villa Soldati para medirse con Sacachispas. La S\u00e9ptima sufri\u00f3 una derrota al caer por 2-1, con gol de C\u00e9sar Zapata para los Villeros. M\u00e1s tarde, la Octava sum\u00f3 de a tres al vencer a los locales por 2-0 con tantos de Thiago Guarachi y Sim\u00f3n Epeloa. La Novena cerr\u00f3 el d\u00eda con un empate 0-0.<br>Con estos resultados, el Cele cerr\u00f3 la fecha con un total de 9 puntos de los 18 en disputa. El pr\u00f3ximo fin de semana, nuestro semillero enfrentar\u00e1 a Los Andes.<\/p>\n\n\n\n<p>Foto | Olivia Wac<\/p>\n","protected":false},"excerpt":{"rendered":"<p>Las divisiones juveniles de Villa San Carlos disputaron una nueva fecha del campeonato de Juveniles B de AFA. En esta ocasi\u00f3n, los chicos se midieron con Sacachispas.El s\u00e1bado, en el Predio Pasi\u00f3n Villera, los m\u00e1s grandes recibieron al Lila. La Cuarta comenz\u00f3 la jornada con un empate 1-1, con gol de Carlos Denis. Luego, la [&#8230;]\n","protected":false},"author":1,"featured_media":23970,"comment_status":"open","ping_status":"open","sticky":false,"template":"","format":"standard","meta":{"footnotes":""},"categories":[22],"tags":[23],"class_list":["post-23969","post","type-post","status-publish","format-standard","has-post-thumbnail","hentry","category-futbol-juvenil","tag-futbol-juvenil"],"_links":{"self":[{"href":"https:\/\/villasancarlos.club\/vsc\/wp-json\/wp\/v2\/posts\/23969","targetHints":{"allow":["GET"]}}],"collection":[{"href":"https:\/\/villasancarlos.club\/vsc\/wp-json\/wp\/v2\/posts"}],"about":[{"href":"https:\/\/villasancarlos.club\/vsc\/wp-json\/wp\/v2\/types\/post"}],"author":[{"embeddable":true,"href":"https:\/\/villasancarlos.club\/vsc\/wp-json\/wp\/v2\/users\/1"}],"replies":[{"embeddable":true,"href":"https:\/\/villasancarlos.club\/vsc\/wp-json\/wp\/v2\/comments?post=23969"}],"version-history":[{"count":1,"href":"https:\/\/villasancarlos.club\/vsc\/wp-json\/wp\/v2\/posts\/23969\/revisions"}],"predecessor-version":[{"id":23971,"href":"https:\/\/villasancarlos.club\/vsc\/wp-json\/wp\/v2\/posts\/23969\/revisions\/23971"}],"wp:featuredmedia":[{"embeddable":true,"href":"https:\/\/villasancarlos.club\/vsc\/wp-json\/wp\/v2\/media\/23970"}],"wp:attachment":[{"href":"https:\/\/villasancarlos.club\/vsc\/wp-json\/wp\/v2\/media?parent=23969"}],"wp:term":[{"taxonomy":"category","embeddable":true,"href":"https:\/\/villasancarlos.club\/vsc\/wp-json\/wp\/v2\/categories?post=23969"},{"taxonomy":"post_tag","embeddable":true,"href":"https:\/\/villasancarlos.club\/vsc\/wp-json\/wp\/v2\/tags?post=23969"}],"curies":[{"name":"wp","href":"https:\/\/api.w.org\/{rel}","templated":true}]}}