{"id":23966,"date":"2024-08-26T00:20:58","date_gmt":"2024-08-26T03:20:58","guid":{"rendered":"https:\/\/villasancarlos.club\/vsc\/?p=23966"},"modified":"2024-08-26T00:26:14","modified_gmt":"2024-08-26T03:26:14","slug":"la-villa-sumo-la-tercera-derrota-al-hilo","status":"publish","type":"post","link":"https:\/\/villasancarlos.club\/vsc\/2024\/08\/la-villa-sumo-la-tercera-derrota-al-hilo\/","title":{"rendered":"La &#8220;Villa&#8221; sum\u00f3 la tercera derrota al hilo"},"content":{"rendered":"\n<p>Los dirigidos por Diego Ebra fueron superados por 101 a 70 a manos de Ceye en la cuarta fecha del Clausura de la Zona A2 de la Asociaci\u00f3n Platense de B\u00e1squet (APdB).<\/p>\n\n\n\n<p>Este jueves por la noche, la primera divisi\u00f3n masculina del b\u00e1squet del Club Atl\u00e9tico Villa San Carlos visit\u00f3 a su par de Ceye en una nueva edici\u00f3n del cl\u00e1sico de Berisso. Fue por la cuarta fecha del Clausura de la Zona A2 de la Asociaci\u00f3n Platense de B\u00e1squet (APdB).<\/p>\n\n\n\n<p>El Celeste no logr\u00f3 hacer pie y acab\u00f3 derrotado por 101 a 70 con parciales de 27 \u2013 22; 21 \u2013 14; 22 \u2013 19; 31\u2013 15.<\/p>\n\n\n\n<p>Los dirigidos por Diego el \u201cCabez\u00f3n\u201d Ebra tuvieron en la experiencia perimetral su punto alto. En concreto, el m\u00e1ximo anotador berissense fue el alero Gabriel Cejas con 20 puntos, escoltado por el interno Pablo Marini con 11 puntos y el perimetral Juan Frecchieri con 12 unidades en sus manos.<\/p>\n\n\n\n<p>Adem\u00e1s, vio acci\u00f3n Jer\u00f3nimo Arri (4pts); Ramiro Gauna (10pts); Patricio Lecumberry (3pts); Franco Pocai (3pts); e Iv\u00e1n Buszczak (7pts). Completaron minutos Lucas Schefer; Daniel Robador; Santino Arri; y Agust\u00edn Ben\u00edtez.<\/p>\n\n\n\n<p>En la pr\u00f3xima fecha, el Villero buscar\u00e1 volver al triunfo tras una dura seguidilla de derrotas cuando reciba, desde las 21.30hs y en la capital de los inmigrantes, a Gonnet. Vale recordar que los platenses se quedaron con la segunda plaza del ascenso de la B1 donde la Villa fue campe\u00f3n.<\/p>\n","protected":false},"excerpt":{"rendered":"<p>Los dirigidos por Diego Ebra fueron superados por 101 a 70 a manos de Ceye en la cuarta fecha del Clausura de la Zona A2 de la Asociaci\u00f3n Platense de B\u00e1squet (APdB). Este jueves por la noche, la primera divisi\u00f3n masculina del b\u00e1squet del Club Atl\u00e9tico Villa San Carlos visit\u00f3 a su par de Ceye [&#8230;]\n","protected":false},"author":1,"featured_media":23884,"comment_status":"open","ping_status":"open","sticky":false,"template":"","format":"standard","meta":{"footnotes":""},"categories":[3],"tags":[6],"class_list":["post-23966","post","type-post","status-publish","format-standard","has-post-thumbnail","hentry","category-basquet-1ra-division","tag-basquet"],"_links":{"self":[{"href":"https:\/\/villasancarlos.club\/vsc\/wp-json\/wp\/v2\/posts\/23966","targetHints":{"allow":["GET"]}}],"collection":[{"href":"https:\/\/villasancarlos.club\/vsc\/wp-json\/wp\/v2\/posts"}],"about":[{"href":"https:\/\/villasancarlos.club\/vsc\/wp-json\/wp\/v2\/types\/post"}],"author":[{"embeddable":true,"href":"https:\/\/villasancarlos.club\/vsc\/wp-json\/wp\/v2\/users\/1"}],"replies":[{"embeddable":true,"href":"https:\/\/villasancarlos.club\/vsc\/wp-json\/wp\/v2\/comments?post=23966"}],"version-history":[{"count":1,"href":"https:\/\/villasancarlos.club\/vsc\/wp-json\/wp\/v2\/posts\/23966\/revisions"}],"predecessor-version":[{"id":23967,"href":"https:\/\/villasancarlos.club\/vsc\/wp-json\/wp\/v2\/posts\/23966\/revisions\/23967"}],"wp:featuredmedia":[{"embeddable":true,"href":"https:\/\/villasancarlos.club\/vsc\/wp-json\/wp\/v2\/media\/23884"}],"wp:attachment":[{"href":"https:\/\/villasancarlos.club\/vsc\/wp-json\/wp\/v2\/media?parent=23966"}],"wp:term":[{"taxonomy":"category","embeddable":true,"href":"https:\/\/villasancarlos.club\/vsc\/wp-json\/wp\/v2\/categories?post=23966"},{"taxonomy":"post_tag","embeddable":true,"href":"https:\/\/villasancarlos.club\/vsc\/wp-json\/wp\/v2\/tags?post=23966"}],"curies":[{"name":"wp","href":"https:\/\/api.w.org\/{rel}","templated":true}]}}