{"id":23562,"date":"2024-05-19T23:30:51","date_gmt":"2024-05-20T02:30:51","guid":{"rendered":"https:\/\/villasancarlos.club\/vsc\/?p=23562"},"modified":"2024-05-19T23:30:52","modified_gmt":"2024-05-20T02:30:52","slug":"gran-debut-ante-juventud-unida","status":"publish","type":"post","link":"https:\/\/villasancarlos.club\/vsc\/2024\/05\/gran-debut-ante-juventud-unida\/","title":{"rendered":"Gran debut ante Juventud Unida"},"content":{"rendered":"\n<p>Luego de la etapa clasificatoria, se puso en marcha el Torneo de Infantiles que organiza la Asociacion de F\u00fatbol Argentino. El &#8220;Cele&#8221; integra la Zona D y este domingo recibio a Juventud Unida en el Predio &#8220;Pasi\u00f3n Villera&#8221;. Fueron cuatro triunfos que se quedaron en Berisso para dar un inicio con buenas expectativas. La pr\u00f3xima fecha visitar\u00e1 al Centro Recreativo Espa\u00f1ol.<\/p>\n\n\n\n<p>Estos fueron los resultados de la jornada:<\/p>\n\n\n\n<p>2011 <strong>Villa San Carlos 1<\/strong> (Thiago Retamozo) &#8211; Juventud Unida 0<\/p>\n\n\n\n<p>2012 <strong>Villa San Carlos 3<\/strong> (Benjamin Ortega, Sebastian Torres y Benjamin Reynoso) &#8211; Juventud Unida 2<\/p>\n\n\n\n<p>2013 <strong>Villa San Carlos 2<\/strong> (Lisandro Herrera y Benjamin Coronel) &#8211; Juventud Unida 1<\/p>\n\n\n\n<p>2014 <strong>Villa San Carlos 5 <\/strong>(Sim\u00f3n Negrete -2-, Romeo Genard -2- y Tomas Ramirez) &#8211; Juventud Unida 0<\/p>\n\n\n\n<p>Foto | La Foto del Pibe<\/p>\n","protected":false},"excerpt":{"rendered":"<p>Luego de la etapa clasificatoria, se puso en marcha el Torneo de Infantiles que organiza la Asociacion de F\u00fatbol Argentino. El &#8220;Cele&#8221; integra la Zona D y este domingo recibio a Juventud Unida en el Predio &#8220;Pasi\u00f3n Villera&#8221;. Fueron cuatro triunfos que se quedaron en Berisso para dar un inicio con buenas expectativas. La pr\u00f3xima [&#8230;]\n","protected":false},"author":1,"featured_media":23563,"comment_status":"open","ping_status":"open","sticky":false,"template":"","format":"standard","meta":{"footnotes":""},"categories":[2],"tags":[26],"class_list":["post-23562","post","type-post","status-publish","format-standard","has-post-thumbnail","hentry","category-futbol-infantil","tag-futbol-infantil"],"_links":{"self":[{"href":"https:\/\/villasancarlos.club\/vsc\/wp-json\/wp\/v2\/posts\/23562","targetHints":{"allow":["GET"]}}],"collection":[{"href":"https:\/\/villasancarlos.club\/vsc\/wp-json\/wp\/v2\/posts"}],"about":[{"href":"https:\/\/villasancarlos.club\/vsc\/wp-json\/wp\/v2\/types\/post"}],"author":[{"embeddable":true,"href":"https:\/\/villasancarlos.club\/vsc\/wp-json\/wp\/v2\/users\/1"}],"replies":[{"embeddable":true,"href":"https:\/\/villasancarlos.club\/vsc\/wp-json\/wp\/v2\/comments?post=23562"}],"version-history":[{"count":1,"href":"https:\/\/villasancarlos.club\/vsc\/wp-json\/wp\/v2\/posts\/23562\/revisions"}],"predecessor-version":[{"id":23564,"href":"https:\/\/villasancarlos.club\/vsc\/wp-json\/wp\/v2\/posts\/23562\/revisions\/23564"}],"wp:featuredmedia":[{"embeddable":true,"href":"https:\/\/villasancarlos.club\/vsc\/wp-json\/wp\/v2\/media\/23563"}],"wp:attachment":[{"href":"https:\/\/villasancarlos.club\/vsc\/wp-json\/wp\/v2\/media?parent=23562"}],"wp:term":[{"taxonomy":"category","embeddable":true,"href":"https:\/\/villasancarlos.club\/vsc\/wp-json\/wp\/v2\/categories?post=23562"},{"taxonomy":"post_tag","embeddable":true,"href":"https:\/\/villasancarlos.club\/vsc\/wp-json\/wp\/v2\/tags?post=23562"}],"curies":[{"name":"wp","href":"https:\/\/api.w.org\/{rel}","templated":true}]}}