{"id":23538,"date":"2024-05-13T00:40:22","date_gmt":"2024-05-13T03:40:22","guid":{"rendered":"https:\/\/villasancarlos.club\/vsc\/?p=23538"},"modified":"2024-05-13T00:40:22","modified_gmt":"2024-05-13T03:40:22","slug":"el-celeste-tuvo-otra-jornada-a-puro-futbol","status":"publish","type":"post","link":"https:\/\/villasancarlos.club\/vsc\/2024\/05\/el-celeste-tuvo-otra-jornada-a-puro-futbol\/","title":{"rendered":"El &#8220;Celeste&#8221; tuvo otra jornada a puro f\u00fatbol"},"content":{"rendered":"\n<p>Los &#8220;Villeritos&#8221; disputaron tres jornadas el fin de semana. El s\u00e1bado por la Liga Asociaci\u00f3n de F\u00fatbol Infantil de la Ribera ante la Filial Miguel \u00c1ngel Lauri y ante DIVE por la Liga Sur de F\u00fatbol Infantil. Mientras que el domingo tambi\u00e9n por LISFI se enfrent\u00f3 a Ateneo Popular en la cancha &#8220;Ram\u00f3n Rodr\u00edguez&#8221; ubicada en el Gennacio Salice. <\/p>\n\n\n\n<p>Estos fueron los resultados de las tres jornadas:<\/p>\n\n\n\n<p>LAFIR Fecha 8 Rueda 1<\/p>\n\n\n\n<p>2011 Filial Lauri 0 &#8211; Villa San Carlos 2<\/p>\n\n\n\n<p>2012 Filial Lauri 0 &#8211; Villa San Carlos 1<\/p>\n\n\n\n<p>2013 Filial Lauri 0 &#8211; Villa San Carlos 2<\/p>\n\n\n\n<p>2014 Filial Lauri 1 &#8211; Villa San Carlos 1<\/p>\n\n\n\n<p>2015 Filial Lauri 1 &#8211; Villa San Carlos 2<\/p>\n\n\n\n<p>2016 Filial Lauri 0 &#8211; Villa San Carlos 4<\/p>\n\n\n\n<p>2017 Filial Lauri 2 &#8211; Villa San Carlos 2<\/p>\n\n\n\n<figure class=\"wp-block-image size-large\"><img loading=\"lazy\" decoding=\"async\" width=\"1024\" height=\"680\" src=\"https:\/\/villasancarlos.club\/vsc\/wp-content\/uploads\/2024\/05\/DSC0004-1024x680.jpg\" alt=\"\" class=\"wp-image-23539\" srcset=\"https:\/\/villasancarlos.club\/vsc\/wp-content\/uploads\/2024\/05\/DSC0004-1024x680.jpg 1024w, https:\/\/villasancarlos.club\/vsc\/wp-content\/uploads\/2024\/05\/DSC0004-300x199.jpg 300w, https:\/\/villasancarlos.club\/vsc\/wp-content\/uploads\/2024\/05\/DSC0004-scaled-600x398.jpg 600w, https:\/\/villasancarlos.club\/vsc\/wp-content\/uploads\/2024\/05\/DSC0004-768x510.jpg 768w, https:\/\/villasancarlos.club\/vsc\/wp-content\/uploads\/2024\/05\/DSC0004-1536x1020.jpg 1536w, https:\/\/villasancarlos.club\/vsc\/wp-content\/uploads\/2024\/05\/DSC0004-2048x1360.jpg 2048w\" sizes=\"auto, (max-width: 1024px) 100vw, 1024px\" \/><\/figure>\n\n\n\n<p>LISFI Fecha 9 Torneo Apertura<\/p>\n\n\n\n<p>2011 DIVE 0 &#8211; Villa San Carlos 0<\/p>\n\n\n\n<p>2012 DIVE 4 &#8211; Villa San Carlos 2<\/p>\n\n\n\n<p>2013 DIVE 1 &#8211; Villa San Carlos 1<\/p>\n\n\n\n<p>2014 DIVE 3 &#8211; Villa San Carlos 1<\/p>\n\n\n\n<p>2015 DIVE 1 &#8211; Villa San Carlos 2<\/p>\n\n\n\n<p>2016 DIVE 6 &#8211; Villa San Carlos 1<\/p>\n\n\n\n<p>2017 No se complet\u00f3 <\/p>\n\n\n\n<p>LISFI Fecha 10 Torneo Apertura <\/p>\n\n\n\n<p>2011 Villa San Carlos 0 &#8211; Ateneo Popular 0<\/p>\n\n\n\n<p>2012 Villa San Carlos 1 &#8211; Ateneo Popular 0<\/p>\n\n\n\n<p>2013 Villa San Carlos 1 &#8211; Ateneo Popular 0<\/p>\n\n\n\n<p>2014 Suspendido<\/p>\n\n\n\n<p>2015 Suspendido<\/p>\n\n\n\n<p>2016 Suspendido<\/p>\n\n\n\n<p>2017 Villa San Carlos 2 &#8211; Ateneo Popular 1<\/p>\n\n\n\n<p>2018 Se disput\u00f3 un encuentro amistoso.<\/p>\n\n\n\n<p>Foto | \u00c1ngel Cordoba <\/p>\n\n\n\n<p><\/p>\n","protected":false},"excerpt":{"rendered":"<p>Los &#8220;Villeritos&#8221; disputaron tres jornadas el fin de semana. El s\u00e1bado por la Liga Asociaci\u00f3n de F\u00fatbol Infantil de la Ribera ante la Filial Miguel \u00c1ngel Lauri y ante DIVE por la Liga Sur de F\u00fatbol Infantil. Mientras que el domingo tambi\u00e9n por LISFI se enfrent\u00f3 a Ateneo Popular en la cancha &#8220;Ram\u00f3n Rodr\u00edguez&#8221; ubicada [&#8230;]\n","protected":false},"author":1,"featured_media":23540,"comment_status":"open","ping_status":"open","sticky":false,"template":"","format":"standard","meta":{"footnotes":""},"categories":[2],"tags":[26],"class_list":["post-23538","post","type-post","status-publish","format-standard","has-post-thumbnail","hentry","category-futbol-infantil","tag-futbol-infantil"],"_links":{"self":[{"href":"https:\/\/villasancarlos.club\/vsc\/wp-json\/wp\/v2\/posts\/23538","targetHints":{"allow":["GET"]}}],"collection":[{"href":"https:\/\/villasancarlos.club\/vsc\/wp-json\/wp\/v2\/posts"}],"about":[{"href":"https:\/\/villasancarlos.club\/vsc\/wp-json\/wp\/v2\/types\/post"}],"author":[{"embeddable":true,"href":"https:\/\/villasancarlos.club\/vsc\/wp-json\/wp\/v2\/users\/1"}],"replies":[{"embeddable":true,"href":"https:\/\/villasancarlos.club\/vsc\/wp-json\/wp\/v2\/comments?post=23538"}],"version-history":[{"count":1,"href":"https:\/\/villasancarlos.club\/vsc\/wp-json\/wp\/v2\/posts\/23538\/revisions"}],"predecessor-version":[{"id":23541,"href":"https:\/\/villasancarlos.club\/vsc\/wp-json\/wp\/v2\/posts\/23538\/revisions\/23541"}],"wp:featuredmedia":[{"embeddable":true,"href":"https:\/\/villasancarlos.club\/vsc\/wp-json\/wp\/v2\/media\/23540"}],"wp:attachment":[{"href":"https:\/\/villasancarlos.club\/vsc\/wp-json\/wp\/v2\/media?parent=23538"}],"wp:term":[{"taxonomy":"category","embeddable":true,"href":"https:\/\/villasancarlos.club\/vsc\/wp-json\/wp\/v2\/categories?post=23538"},{"taxonomy":"post_tag","embeddable":true,"href":"https:\/\/villasancarlos.club\/vsc\/wp-json\/wp\/v2\/tags?post=23538"}],"curies":[{"name":"wp","href":"https:\/\/api.w.org\/{rel}","templated":true}]}}