{"id":23240,"date":"2024-02-29T23:16:03","date_gmt":"2024-03-01T02:16:03","guid":{"rendered":"http:\/\/villasancarlos.club\/vsc\/?p=23240"},"modified":"2024-02-29T23:16:04","modified_gmt":"2024-03-01T02:16:04","slug":"caida-en-munro-para-la-reserva","status":"publish","type":"post","link":"https:\/\/villasancarlos.club\/vsc\/2024\/02\/caida-en-munro-para-la-reserva\/","title":{"rendered":"Ca\u00edda en Munro para la reserva"},"content":{"rendered":"\n<h2 class=\"wp-block-heading\">La Tercera Divisi\u00f3n de Villa San Carlos hizo su presentaci\u00f3n en el certamen de reserva de la Primera B. Los dirigidos por Daniel Pregot no pudieron en su excursi\u00f3n a Munro y cayeron 2 a 1 ante Colegiales. Mateo Veraldi y Facundo Montiel marcaron los goles para el \u201ctricolor\u201d, mientras que en el complemento descont\u00f3 Micael Vera para los de Berisso.<\/h2>\n\n\n\n<p>Luego de una corta pretemporada que tuvo tres amistosos para sumar ritmo, la Tercera Divisi\u00f3n del Club comenz\u00f3 su participaci\u00f3n oficial en el Torneo denominado \u201cTercera B\u201d, el cual lleva el mismo fixture que el de Primera Divisi\u00f3n.<\/p>\n\n\n\n<p>Con el debut de Daniel Pregot en el banco de suplentes, el \u201ccele\u201d intent\u00f3 sumar y traerse algo en su visita al Estadio Libertarios Unidos, aunque no alcanz\u00f3, ya que el rival peg\u00f3 de entrada y en apenas tres minutos convirti\u00f3 dos goles que fueron claves para quedarse con el triunfo en casa.<\/p>\n\n\n\n<figure class=\"wp-block-image size-large\"><img loading=\"lazy\" decoding=\"async\" width=\"1024\" height=\"683\" src=\"https:\/\/villasancarlos.club\/vsc\/wp-content\/uploads\/2024\/02\/DSC0326-1024x683.jpg\" alt=\"\" class=\"wp-image-23241\" srcset=\"https:\/\/villasancarlos.club\/vsc\/wp-content\/uploads\/2024\/02\/DSC0326-1024x683.jpg 1024w, https:\/\/villasancarlos.club\/vsc\/wp-content\/uploads\/2024\/02\/DSC0326-300x200.jpg 300w, https:\/\/villasancarlos.club\/vsc\/wp-content\/uploads\/2024\/02\/DSC0326-scaled-600x400.jpg 600w, https:\/\/villasancarlos.club\/vsc\/wp-content\/uploads\/2024\/02\/DSC0326-768x512.jpg 768w, https:\/\/villasancarlos.club\/vsc\/wp-content\/uploads\/2024\/02\/DSC0326-1536x1024.jpg 1536w, https:\/\/villasancarlos.club\/vsc\/wp-content\/uploads\/2024\/02\/DSC0326-2048x1365.jpg 2048w\" sizes=\"auto, (max-width: 1024px) 100vw, 1024px\" \/><figcaption class=\"wp-element-caption\"><strong>Daniel Pregot tuvo su debut en el banco de suplentes villero.<\/strong><\/figcaption><\/figure>\n\n\n\n<p>Una distracci\u00f3n villera hizo que Colegiales se apropiara del primer tiempo, sin haber sido superior al villero. Ya en el complemento fue m\u00e1s parejo y el villero se hizo protagonista, intentando llegar al descuento.<\/p>\n\n\n\n<p>El mismo llegar\u00eda sobre los 21 minutos a trav\u00e9s de una gran definici\u00f3n de Micael Vera que qued\u00f3 mano a mano con el arquero y no perdon\u00f3. Luego del descuento el villero fue por m\u00e1s para intentar llegar al empate, aunque no estuvo fino a la hora de definir y termin\u00f3 con una derrota con sabor amargo, ya que hizo todo lo posible en el segundo tiempo, siendo superior al rival para rescatar al menos un empate.<\/p>\n\n\n\n<figure class=\"wp-block-image size-large\"><img loading=\"lazy\" decoding=\"async\" width=\"1024\" height=\"717\" src=\"https:\/\/villasancarlos.club\/vsc\/wp-content\/uploads\/2024\/02\/DSC0357-1024x717.jpg\" alt=\"\" class=\"wp-image-23242\" srcset=\"https:\/\/villasancarlos.club\/vsc\/wp-content\/uploads\/2024\/02\/DSC0357-1024x717.jpg 1024w, https:\/\/villasancarlos.club\/vsc\/wp-content\/uploads\/2024\/02\/DSC0357-300x210.jpg 300w, https:\/\/villasancarlos.club\/vsc\/wp-content\/uploads\/2024\/02\/DSC0357-scaled-600x420.jpg 600w, https:\/\/villasancarlos.club\/vsc\/wp-content\/uploads\/2024\/02\/DSC0357-768x538.jpg 768w, https:\/\/villasancarlos.club\/vsc\/wp-content\/uploads\/2024\/02\/DSC0357-1536x1075.jpg 1536w, https:\/\/villasancarlos.club\/vsc\/wp-content\/uploads\/2024\/02\/DSC0357-2048x1434.jpg 2048w\" sizes=\"auto, (max-width: 1024px) 100vw, 1024px\" \/><figcaption class=\"wp-element-caption\"><strong>Leandro Guzm\u00e1n con la pelota <\/strong><\/figcaption><\/figure>\n\n\n\n<p>El pr\u00f3ximo martes el villero tendr\u00e1 revancha cuando reciba a la UAI Urquiza en el Estadio Gennacio S\u00e1lice, desde las 9hs por la segunda fecha del campeonato.<\/p>\n\n\n\n<p><strong>S\u00cdNTESIS DEL PARTIDO:<\/strong><\/p>\n\n\n\n<p><strong>COLEGIALES (2):<\/strong> 1- Santino Guti\u00e9rrez; 4- Luciano Ledesma, 2- Iv\u00e1n Fern\u00e1nde , 6- Juli\u00e1n Platner \u00a9 , 3- Mauricio Camargo; 8- Facundo Montiel , 5- Lautaro Fern\u00e1ndez , 10- Nicol\u00e1s Paz, 7- Tom\u00e1s Fraenza ; 9- Mateo Veraldi, 11- Luciano Miranda Herrera. <strong>DT:<\/strong> Luis Zeballos<\/p>\n\n\n\n<p><strong>Suplentes:<\/strong> 12- Luis Armoya, 13- Ariel Di Lorenzo, 14- Lautaro Pedraza, 15- Emmanuel Odonukwe, 16- Joaqu\u00edn Giusto, 17- Lisandro Tolosa, 18- Germ\u00e1n Pitra.<\/p>\n\n\n\n<p><strong>VILLA SAN CARLOS (1):<\/strong>&nbsp; 1- Fabrizio Ortega; 4- Mat\u00edas Membrilla, 2- Mauro Martin Garraza \u00a9, 6- Pablo Fern\u00e1ndez, 3- Patricio Soto; 7- Valent\u00edn Gonz\u00e1lez , 5- Juan Ignacio Azconz\u00e1bal , 10- Leandro Guzm\u00e1n, 8- Tiago Piris ; 9- Agust\u00edn Zuccarelli , 11- Micael Vera. <strong>DT:<\/strong> Daniel Pregot.<\/p>\n\n\n\n<p><strong>Suplentes:<\/strong> 12- Joaqu\u00edn Arrar\u00e1s, 13- Tom\u00e1s Ib\u00e1\u00f1ez, 14- Santino Rolla, 15- Rodrigo Ben\u00edtez, 16- Germ\u00e1n Castro, 17- Gustavo Sivila, 18- Axel Robledo.<\/p>\n\n\n\n<p><strong>GOLES:<\/strong> PT 26&#8242; Mateo Veraldi (COL), 29&#8242; Facundo Montiel (COL); ST 21\u2019 Micael Vera (VSC).<\/p>\n\n\n\n<p><strong>AMONESTADOS: <\/strong>PT 11\u2019 Facundo Montiel (COL);ST 4\u2019 Leandro Guzm\u00e1n (VSC), 20\u2019 Luciano Miranda Herrera (COL), 27\u2019 Iv\u00e1n Fern\u00e1ndez (COL), 31\u2019 Valent\u00edn Gonz\u00e1lez (VSC),<\/p>\n\n\n\n<p><strong>EXPULSADOS: <\/strong>No hubo<\/p>\n\n\n\n<p><strong>CAMBIOS: <\/strong>ST 0\u2019 Rodrigo Ben\u00edtez por Agust\u00edn Zuccarelli (VSC),22\u2019 Emmanuel Odunukwe por Tom\u00e1s Fraenza (COL) Y Joaqu\u00edn Giusto por Luciano Miranda Herrera (COL), 25\u2019 Germ\u00e1n Pitra por Mateo Veraldi (COL) y Lautaro Pedraza por Nicol\u00e1s Paz (COL),30\u2019 Gustavo Sivila por Leandro Guzm\u00e1n (VSC) y Tom\u00e1s Ib\u00e1\u00f1ez por Pablo Fern\u00e1ndez (VSC), 35\u2019 Axel Robledo por Valent\u00edn Gonz\u00e1lez (VSC) y Santino Rolla por Tiago Piris (VSC), 38\u2019 Ariel Di Lorenzo por Facundo Montiel (COL)<\/p>\n\n\n\n<p><strong>ARBITRO<\/strong>: Leandro Fedele<\/p>\n\n\n\n<p><strong>ASISTENTES: <\/strong>Lucas Rodriguez (1) y Mat\u00edas Panozzo (2)<\/p>\n\n\n\n<p><strong>ESTADIO:<\/strong> Libertarios Unidos (Colegiales).<\/p>\n","protected":false},"excerpt":{"rendered":"<p>La Tercera Divisi\u00f3n de Villa San Carlos hizo su presentaci\u00f3n en el certamen de reserva de la Primera B. Los dirigidos por Daniel Pregot no pudieron en su excursi\u00f3n a Munro y cayeron 2 a 1 ante Colegiales. Mateo Veraldi y Facundo Montiel marcaron los goles para el \u201ctricolor\u201d, mientras que en el complemento descont\u00f3 [&#8230;]\n","protected":false},"author":1,"featured_media":23243,"comment_status":"open","ping_status":"open","sticky":false,"template":"","format":"standard","meta":{"footnotes":""},"categories":[17],"tags":[76],"class_list":["post-23240","post","type-post","status-publish","format-standard","has-post-thumbnail","hentry","category-tercera-division","tag-tercera-division"],"_links":{"self":[{"href":"https:\/\/villasancarlos.club\/vsc\/wp-json\/wp\/v2\/posts\/23240","targetHints":{"allow":["GET"]}}],"collection":[{"href":"https:\/\/villasancarlos.club\/vsc\/wp-json\/wp\/v2\/posts"}],"about":[{"href":"https:\/\/villasancarlos.club\/vsc\/wp-json\/wp\/v2\/types\/post"}],"author":[{"embeddable":true,"href":"https:\/\/villasancarlos.club\/vsc\/wp-json\/wp\/v2\/users\/1"}],"replies":[{"embeddable":true,"href":"https:\/\/villasancarlos.club\/vsc\/wp-json\/wp\/v2\/comments?post=23240"}],"version-history":[{"count":1,"href":"https:\/\/villasancarlos.club\/vsc\/wp-json\/wp\/v2\/posts\/23240\/revisions"}],"predecessor-version":[{"id":23244,"href":"https:\/\/villasancarlos.club\/vsc\/wp-json\/wp\/v2\/posts\/23240\/revisions\/23244"}],"wp:featuredmedia":[{"embeddable":true,"href":"https:\/\/villasancarlos.club\/vsc\/wp-json\/wp\/v2\/media\/23243"}],"wp:attachment":[{"href":"https:\/\/villasancarlos.club\/vsc\/wp-json\/wp\/v2\/media?parent=23240"}],"wp:term":[{"taxonomy":"category","embeddable":true,"href":"https:\/\/villasancarlos.club\/vsc\/wp-json\/wp\/v2\/categories?post=23240"},{"taxonomy":"post_tag","embeddable":true,"href":"https:\/\/villasancarlos.club\/vsc\/wp-json\/wp\/v2\/tags?post=23240"}],"curies":[{"name":"wp","href":"https:\/\/api.w.org\/{rel}","templated":true}]}}