{"id":23001,"date":"2023-11-26T23:41:02","date_gmt":"2023-11-27T02:41:02","guid":{"rendered":"http:\/\/villasancarlos.club\/vsc\/?p=23001"},"modified":"2023-11-26T23:50:59","modified_gmt":"2023-11-27T02:50:59","slug":"amistoso-internacional","status":"publish","type":"post","link":"https:\/\/villasancarlos.club\/vsc\/2023\/11\/amistoso-internacional\/","title":{"rendered":"Amistoso internacional"},"content":{"rendered":"\n<p>El domingo por la ma\u00f1ana se llevo a cabo en el Predio &#8220;Pasi\u00f3n Villera&#8221; un amistoso entre la 7ma Divisi\u00f3n &#8220;villera&#8221; que dirige Mariano Palacios y Patriotas Boyaca de Colombia. Sin dudas un gran acontecimiento para las juveniles de San Carlos que hicieron un gran a\u00f1o tanto en AFA como en la Liga Amateur Platense. El encuentro termin\u00f3 3 a 2 a favor del elenco &#8220;cafetero&#8221;. Los goles del &#8220;Cele&#8221; los marcaron Casta\u00f1o y Demitrio. Luego del partido se realizo en un almuerzo en el Gennacio Salice con ambos planteles y cuerpo t\u00e9cnico.<\/p>\n\n\n\n<figure class=\"wp-block-image size-large\"><img loading=\"lazy\" decoding=\"async\" width=\"1024\" height=\"768\" src=\"https:\/\/villasancarlos.club\/vsc\/wp-content\/uploads\/2023\/11\/amistoso-juveniles-1-1024x768.jpg\" alt=\"\" class=\"wp-image-23002\" srcset=\"https:\/\/villasancarlos.club\/vsc\/wp-content\/uploads\/2023\/11\/amistoso-juveniles-1-1024x768.jpg 1024w, https:\/\/villasancarlos.club\/vsc\/wp-content\/uploads\/2023\/11\/amistoso-juveniles-1-300x225.jpg 300w, https:\/\/villasancarlos.club\/vsc\/wp-content\/uploads\/2023\/11\/amistoso-juveniles-1-600x450.jpg 600w, https:\/\/villasancarlos.club\/vsc\/wp-content\/uploads\/2023\/11\/amistoso-juveniles-1-768x576.jpg 768w, https:\/\/villasancarlos.club\/vsc\/wp-content\/uploads\/2023\/11\/amistoso-juveniles-1-1536x1152.jpg 1536w, https:\/\/villasancarlos.club\/vsc\/wp-content\/uploads\/2023\/11\/amistoso-juveniles-1-720x540.jpg 720w, https:\/\/villasancarlos.club\/vsc\/wp-content\/uploads\/2023\/11\/amistoso-juveniles-1.jpg 1600w\" sizes=\"auto, (max-width: 1024px) 100vw, 1024px\" \/><\/figure>\n\n\n\n<figure class=\"wp-block-image size-large\"><img loading=\"lazy\" decoding=\"async\" width=\"1024\" height=\"682\" src=\"https:\/\/villasancarlos.club\/vsc\/wp-content\/uploads\/2023\/11\/e8c698f2-6a0a-4dec-8b19-a340230e6973-1024x682.jpg\" alt=\"\" class=\"wp-image-23004\" srcset=\"https:\/\/villasancarlos.club\/vsc\/wp-content\/uploads\/2023\/11\/e8c698f2-6a0a-4dec-8b19-a340230e6973-1024x682.jpg 1024w, https:\/\/villasancarlos.club\/vsc\/wp-content\/uploads\/2023\/11\/e8c698f2-6a0a-4dec-8b19-a340230e6973-300x200.jpg 300w, https:\/\/villasancarlos.club\/vsc\/wp-content\/uploads\/2023\/11\/e8c698f2-6a0a-4dec-8b19-a340230e6973-600x400.jpg 600w, https:\/\/villasancarlos.club\/vsc\/wp-content\/uploads\/2023\/11\/e8c698f2-6a0a-4dec-8b19-a340230e6973-768x512.jpg 768w, https:\/\/villasancarlos.club\/vsc\/wp-content\/uploads\/2023\/11\/e8c698f2-6a0a-4dec-8b19-a340230e6973.jpg 1280w\" sizes=\"auto, (max-width: 1024px) 100vw, 1024px\" \/><\/figure>\n","protected":false},"excerpt":{"rendered":"<p>El domingo por la ma\u00f1ana se llevo a cabo en el Predio &#8220;Pasi\u00f3n Villera&#8221; un amistoso entre la 7ma Divisi\u00f3n &#8220;villera&#8221; que dirige Mariano Palacios y Patriotas Boyaca de Colombia. Sin dudas un gran acontecimiento para las juveniles de San Carlos que hicieron un gran a\u00f1o tanto en AFA como en la Liga Amateur Platense. [&#8230;]\n","protected":false},"author":1,"featured_media":23003,"comment_status":"open","ping_status":"open","sticky":false,"template":"","format":"standard","meta":{"footnotes":""},"categories":[22],"tags":[23],"class_list":["post-23001","post","type-post","status-publish","format-standard","has-post-thumbnail","hentry","category-futbol-juvenil","tag-futbol-juvenil"],"_links":{"self":[{"href":"https:\/\/villasancarlos.club\/vsc\/wp-json\/wp\/v2\/posts\/23001","targetHints":{"allow":["GET"]}}],"collection":[{"href":"https:\/\/villasancarlos.club\/vsc\/wp-json\/wp\/v2\/posts"}],"about":[{"href":"https:\/\/villasancarlos.club\/vsc\/wp-json\/wp\/v2\/types\/post"}],"author":[{"embeddable":true,"href":"https:\/\/villasancarlos.club\/vsc\/wp-json\/wp\/v2\/users\/1"}],"replies":[{"embeddable":true,"href":"https:\/\/villasancarlos.club\/vsc\/wp-json\/wp\/v2\/comments?post=23001"}],"version-history":[{"count":2,"href":"https:\/\/villasancarlos.club\/vsc\/wp-json\/wp\/v2\/posts\/23001\/revisions"}],"predecessor-version":[{"id":23006,"href":"https:\/\/villasancarlos.club\/vsc\/wp-json\/wp\/v2\/posts\/23001\/revisions\/23006"}],"wp:featuredmedia":[{"embeddable":true,"href":"https:\/\/villasancarlos.club\/vsc\/wp-json\/wp\/v2\/media\/23003"}],"wp:attachment":[{"href":"https:\/\/villasancarlos.club\/vsc\/wp-json\/wp\/v2\/media?parent=23001"}],"wp:term":[{"taxonomy":"category","embeddable":true,"href":"https:\/\/villasancarlos.club\/vsc\/wp-json\/wp\/v2\/categories?post=23001"},{"taxonomy":"post_tag","embeddable":true,"href":"https:\/\/villasancarlos.club\/vsc\/wp-json\/wp\/v2\/tags?post=23001"}],"curies":[{"name":"wp","href":"https:\/\/api.w.org\/{rel}","templated":true}]}}