{"id":22987,"date":"2023-11-25T12:07:08","date_gmt":"2023-11-25T15:07:08","guid":{"rendered":"http:\/\/villasancarlos.club\/vsc\/?p=22987"},"modified":"2023-11-25T12:07:09","modified_gmt":"2023-11-25T15:07:09","slug":"la-villa-disputo-un-nuevo-amistoso","status":"publish","type":"post","link":"https:\/\/villasancarlos.club\/vsc\/2023\/11\/la-villa-disputo-un-nuevo-amistoso\/","title":{"rendered":"La &#8220;Villa&#8221; disput\u00f3 un nuevo amistoso"},"content":{"rendered":"\n<p>El equipo de Lucas Licht sigue disputando amistosos para no perder el ritmo de trabajo que lo prepara para la parte m\u00e1s fuerte de la pretemporada que se realizara en el mes de Enero. En el Genacio Salice recibi\u00f3 a San Lorenzo de Villa Castells, elenco que disputa la Liga Amateur Platense y Torneo Regional.<\/p>\n\n\n\n<p>El resultado fue 2 a 2 y los tantos de la &#8220;Villa&#8221; los marcaron Alejandro Lugones y Alexis Alegre. El &#8220;Cele&#8221; form\u00f3 con: <strong>Juan Cautela; Agust\u00edn Celentano, Federico Slezack, Mat\u00edas Valenti, Nicol\u00e1s Benavidez; Alexis Alegre, Ignacio Oron\u00e1, \u00c1ngel Acosta, Francisco Cairo; Alejandro Lugones y Ramiro Bolech.<\/strong><\/p>\n\n\n\n<figure class=\"wp-block-image size-large\"><img loading=\"lazy\" decoding=\"async\" width=\"1024\" height=\"682\" src=\"https:\/\/villasancarlos.club\/vsc\/wp-content\/uploads\/2023\/11\/amistoso-1-1024x682.jpg\" alt=\"\" class=\"wp-image-22988\" srcset=\"https:\/\/villasancarlos.club\/vsc\/wp-content\/uploads\/2023\/11\/amistoso-1-1024x682.jpg 1024w, https:\/\/villasancarlos.club\/vsc\/wp-content\/uploads\/2023\/11\/amistoso-1-300x200.jpg 300w, https:\/\/villasancarlos.club\/vsc\/wp-content\/uploads\/2023\/11\/amistoso-1-600x400.jpg 600w, https:\/\/villasancarlos.club\/vsc\/wp-content\/uploads\/2023\/11\/amistoso-1-768x512.jpg 768w, https:\/\/villasancarlos.club\/vsc\/wp-content\/uploads\/2023\/11\/amistoso-1-1536x1024.jpg 1536w, https:\/\/villasancarlos.club\/vsc\/wp-content\/uploads\/2023\/11\/amistoso-1-2048x1365.jpg 2048w\" sizes=\"auto, (max-width: 1024px) 100vw, 1024px\" \/><figcaption class=\"wp-element-caption\">Alexis Alegre convirti\u00f3 el segundo tanto &#8220;villero&#8221;<\/figcaption><\/figure>\n\n\n\n<p>Luego se jug\u00f3 un segundo partido ante un combinado de jugadores de la Liga Amateur Platense y fue triunfo por 3 a 0 con goles de Nicol\u00e1s Mazzola (2) y Nahuel Figueredo. La &#8220;Villa&#8221; sali\u00f3 con: <strong>Tom\u00e1s Akimenco (A prueba); Augusto Pont\u00f3n, Bautista Biffi, Luciano Mach\u00edn, Nahuel Figueredo; Juan Segundo Olmedo, Franco Mussis, Tom\u00e1s Romero, Rodrigo N\u00fa\u00f1ez (A prueba); Maximiliano Vyera (A prueba) y Nicol\u00e1s Mazzola.<\/strong><\/p>\n\n\n\n<figure class=\"wp-block-image size-large\"><img loading=\"lazy\" decoding=\"async\" width=\"1024\" height=\"682\" src=\"https:\/\/villasancarlos.club\/vsc\/wp-content\/uploads\/2023\/11\/Amistoso-2-1024x682.jpg\" alt=\"\" class=\"wp-image-22989\" srcset=\"https:\/\/villasancarlos.club\/vsc\/wp-content\/uploads\/2023\/11\/Amistoso-2-1024x682.jpg 1024w, https:\/\/villasancarlos.club\/vsc\/wp-content\/uploads\/2023\/11\/Amistoso-2-300x200.jpg 300w, https:\/\/villasancarlos.club\/vsc\/wp-content\/uploads\/2023\/11\/Amistoso-2-600x400.jpg 600w, https:\/\/villasancarlos.club\/vsc\/wp-content\/uploads\/2023\/11\/Amistoso-2-768x512.jpg 768w, https:\/\/villasancarlos.club\/vsc\/wp-content\/uploads\/2023\/11\/Amistoso-2-1536x1024.jpg 1536w, https:\/\/villasancarlos.club\/vsc\/wp-content\/uploads\/2023\/11\/Amistoso-2-2048x1365.jpg 2048w\" sizes=\"auto, (max-width: 1024px) 100vw, 1024px\" \/><figcaption class=\"wp-element-caption\">Tomas Romero tuvo sus primeros minutos de f\u00fatbol.<\/figcaption><\/figure>\n\n\n\n<p>Tanto Mussis como Mazzola pidieron permiso al Cuerpo T\u00e9cnico para entrenarse con el equipo y hoy sumaron minutos. El pr\u00f3ximo amistoso ser\u00e1 el 1 de diciembre ante el Club Ver\u00f3nica en calidad de visitante.<\/p>\n","protected":false},"excerpt":{"rendered":"<p>El equipo de Lucas Licht sigue disputando amistosos para no perder el ritmo de trabajo que lo prepara para la parte m\u00e1s fuerte de la pretemporada que se realizara en el mes de Enero. En el Genacio Salice recibi\u00f3 a San Lorenzo de Villa Castells, elenco que disputa la Liga Amateur Platense y Torneo Regional. [&#8230;]\n","protected":false},"author":1,"featured_media":22990,"comment_status":"open","ping_status":"open","sticky":false,"template":"","format":"standard","meta":{"footnotes":""},"categories":[4],"tags":[5],"class_list":["post-22987","post","type-post","status-publish","format-standard","has-post-thumbnail","hentry","category-futbol-1ra-division","tag-futbol-1ra-division"],"_links":{"self":[{"href":"https:\/\/villasancarlos.club\/vsc\/wp-json\/wp\/v2\/posts\/22987","targetHints":{"allow":["GET"]}}],"collection":[{"href":"https:\/\/villasancarlos.club\/vsc\/wp-json\/wp\/v2\/posts"}],"about":[{"href":"https:\/\/villasancarlos.club\/vsc\/wp-json\/wp\/v2\/types\/post"}],"author":[{"embeddable":true,"href":"https:\/\/villasancarlos.club\/vsc\/wp-json\/wp\/v2\/users\/1"}],"replies":[{"embeddable":true,"href":"https:\/\/villasancarlos.club\/vsc\/wp-json\/wp\/v2\/comments?post=22987"}],"version-history":[{"count":1,"href":"https:\/\/villasancarlos.club\/vsc\/wp-json\/wp\/v2\/posts\/22987\/revisions"}],"predecessor-version":[{"id":22991,"href":"https:\/\/villasancarlos.club\/vsc\/wp-json\/wp\/v2\/posts\/22987\/revisions\/22991"}],"wp:featuredmedia":[{"embeddable":true,"href":"https:\/\/villasancarlos.club\/vsc\/wp-json\/wp\/v2\/media\/22990"}],"wp:attachment":[{"href":"https:\/\/villasancarlos.club\/vsc\/wp-json\/wp\/v2\/media?parent=22987"}],"wp:term":[{"taxonomy":"category","embeddable":true,"href":"https:\/\/villasancarlos.club\/vsc\/wp-json\/wp\/v2\/categories?post=22987"},{"taxonomy":"post_tag","embeddable":true,"href":"https:\/\/villasancarlos.club\/vsc\/wp-json\/wp\/v2\/tags?post=22987"}],"curies":[{"name":"wp","href":"https:\/\/api.w.org\/{rel}","templated":true}]}}