{"id":22954,"date":"2023-11-05T23:42:21","date_gmt":"2023-11-06T02:42:21","guid":{"rendered":"http:\/\/villasancarlos.club\/vsc\/?p=22954"},"modified":"2023-11-05T23:42:22","modified_gmt":"2023-11-06T02:42:22","slug":"el-cele-visito-a-cri-catella","status":"publish","type":"post","link":"https:\/\/villasancarlos.club\/vsc\/2023\/11\/el-cele-visito-a-cri-catella\/","title":{"rendered":"El &#8220;Cele&#8221; visit\u00f3 a CRI Catella"},"content":{"rendered":"\n<p>Por la sexta fecha del Torneo Ascenso de Juveniles Divisi\u00f3n &#8220;C&#8221; que organiza la Liga Amateur Platense, Villa San Carlos viajo hasta Ensenada para enfrentarse al Centro Recreativo Infantil Catella. A falta de dos fechas, la &#8220;Villa&#8221; da pelea en todas las categor\u00edas y buscara sumar varios t\u00edtulos a fin de a\u00f1o.<\/p>\n\n\n\n<p>Estos fueron los resultados de la jornada:<\/p>\n\n\n\n<p>2008: CRI Catella 0 &#8211; <strong>Villa San Carlos 2<\/strong> (Ivan Drozd -2-)<\/p>\n\n\n\n<p>2009: CRI Catella 3 &#8211; <strong>Villa San Carlos 2 <\/strong>(Martinez y e\/c)<\/p>\n\n\n\n<p>2010: CRI Catella 2 &#8211; <strong>Villa San Carlos 4<\/strong> (Santino Luchessi -2-, Santiago Leiva y Valentino Navarro)<\/p>\n\n\n\n<p>2011: CRI Catella 1 &#8211; <strong>Villa San Carlos 1<\/strong> (Banegas)<\/p>\n\n\n\n<p><\/p>\n\n\n\n<p><\/p>\n\n\n\n<p><\/p>\n","protected":false},"excerpt":{"rendered":"<p>Por la sexta fecha del Torneo Ascenso de Juveniles Divisi\u00f3n &#8220;C&#8221; que organiza la Liga Amateur Platense, Villa San Carlos viajo hasta Ensenada para enfrentarse al Centro Recreativo Infantil Catella. A falta de dos fechas, la &#8220;Villa&#8221; da pelea en todas las categor\u00edas y buscara sumar varios t\u00edtulos a fin de a\u00f1o. Estos fueron los [&#8230;]\n","protected":false},"author":1,"featured_media":22955,"comment_status":"open","ping_status":"open","sticky":false,"template":"","format":"standard","meta":{"footnotes":""},"categories":[22],"tags":[23],"class_list":["post-22954","post","type-post","status-publish","format-standard","has-post-thumbnail","hentry","category-futbol-juvenil","tag-futbol-juvenil"],"_links":{"self":[{"href":"https:\/\/villasancarlos.club\/vsc\/wp-json\/wp\/v2\/posts\/22954","targetHints":{"allow":["GET"]}}],"collection":[{"href":"https:\/\/villasancarlos.club\/vsc\/wp-json\/wp\/v2\/posts"}],"about":[{"href":"https:\/\/villasancarlos.club\/vsc\/wp-json\/wp\/v2\/types\/post"}],"author":[{"embeddable":true,"href":"https:\/\/villasancarlos.club\/vsc\/wp-json\/wp\/v2\/users\/1"}],"replies":[{"embeddable":true,"href":"https:\/\/villasancarlos.club\/vsc\/wp-json\/wp\/v2\/comments?post=22954"}],"version-history":[{"count":1,"href":"https:\/\/villasancarlos.club\/vsc\/wp-json\/wp\/v2\/posts\/22954\/revisions"}],"predecessor-version":[{"id":22956,"href":"https:\/\/villasancarlos.club\/vsc\/wp-json\/wp\/v2\/posts\/22954\/revisions\/22956"}],"wp:featuredmedia":[{"embeddable":true,"href":"https:\/\/villasancarlos.club\/vsc\/wp-json\/wp\/v2\/media\/22955"}],"wp:attachment":[{"href":"https:\/\/villasancarlos.club\/vsc\/wp-json\/wp\/v2\/media?parent=22954"}],"wp:term":[{"taxonomy":"category","embeddable":true,"href":"https:\/\/villasancarlos.club\/vsc\/wp-json\/wp\/v2\/categories?post=22954"},{"taxonomy":"post_tag","embeddable":true,"href":"https:\/\/villasancarlos.club\/vsc\/wp-json\/wp\/v2\/tags?post=22954"}],"curies":[{"name":"wp","href":"https:\/\/api.w.org\/{rel}","templated":true}]}}