{"id":22722,"date":"2023-08-28T20:06:07","date_gmt":"2023-08-28T23:06:07","guid":{"rendered":"http:\/\/villasancarlos.club\/vsc\/?p=22722"},"modified":"2023-08-28T20:06:08","modified_gmt":"2023-08-28T23:06:08","slug":"jornada-con-muchas-victorias","status":"publish","type":"post","link":"https:\/\/villasancarlos.club\/vsc\/2023\/08\/jornada-con-muchas-victorias\/","title":{"rendered":"Jornada con muchas victorias"},"content":{"rendered":"\n<p>Se disput\u00f3 una nueva fecha del b\u00e1squet de menores y formativas que organiza la Asociacion Platense de B\u00e1squet, y el semillero &#8220;villero&#8221; tuvo una destacada actuaci\u00f3n tanto de local como de visitante. La Tira A en Formativas disput\u00f3 el cl\u00e1sico ante el Ceye en Calle 13 y consigui\u00f3 las victorias en Mini y en Pre Infantiles mientras que se complet\u00f3 en Pre Mini. Por el lado de la Formativas B , jugaron en casa ante Atenas con triunfo en Mini y derrota en Pre Infantiles.<\/p>\n\n\n\n<p>En Menores A, jugo como local ante Estudiantes de La Plata, obteniendo los triunfos en Infantiles y Cadetes. El &#8220;Pincha&#8221; se quedo con el duelo de Juveniles. En Menores B, los cadetes se impusieron de visitante ante Mayo y los Infantiles disputaron un amistoso frente a Universitario.<\/p>\n\n\n\n<p>Foto | Anto Otaran<\/p>\n","protected":false},"excerpt":{"rendered":"<p>Se disput\u00f3 una nueva fecha del b\u00e1squet de menores y formativas que organiza la Asociacion Platense de B\u00e1squet, y el semillero &#8220;villero&#8221; tuvo una destacada actuaci\u00f3n tanto de local como de visitante. La Tira A en Formativas disput\u00f3 el cl\u00e1sico ante el Ceye en Calle 13 y consigui\u00f3 las victorias en Mini y en Pre [&#8230;]\n","protected":false},"author":1,"featured_media":22723,"comment_status":"open","ping_status":"open","sticky":false,"template":"","format":"standard","meta":{"footnotes":""},"categories":[33],"tags":[34],"class_list":["post-22722","post","type-post","status-publish","format-standard","has-post-thumbnail","hentry","category-basquet-juvenil","tag-basquet-juvenil"],"_links":{"self":[{"href":"https:\/\/villasancarlos.club\/vsc\/wp-json\/wp\/v2\/posts\/22722","targetHints":{"allow":["GET"]}}],"collection":[{"href":"https:\/\/villasancarlos.club\/vsc\/wp-json\/wp\/v2\/posts"}],"about":[{"href":"https:\/\/villasancarlos.club\/vsc\/wp-json\/wp\/v2\/types\/post"}],"author":[{"embeddable":true,"href":"https:\/\/villasancarlos.club\/vsc\/wp-json\/wp\/v2\/users\/1"}],"replies":[{"embeddable":true,"href":"https:\/\/villasancarlos.club\/vsc\/wp-json\/wp\/v2\/comments?post=22722"}],"version-history":[{"count":1,"href":"https:\/\/villasancarlos.club\/vsc\/wp-json\/wp\/v2\/posts\/22722\/revisions"}],"predecessor-version":[{"id":22724,"href":"https:\/\/villasancarlos.club\/vsc\/wp-json\/wp\/v2\/posts\/22722\/revisions\/22724"}],"wp:featuredmedia":[{"embeddable":true,"href":"https:\/\/villasancarlos.club\/vsc\/wp-json\/wp\/v2\/media\/22723"}],"wp:attachment":[{"href":"https:\/\/villasancarlos.club\/vsc\/wp-json\/wp\/v2\/media?parent=22722"}],"wp:term":[{"taxonomy":"category","embeddable":true,"href":"https:\/\/villasancarlos.club\/vsc\/wp-json\/wp\/v2\/categories?post=22722"},{"taxonomy":"post_tag","embeddable":true,"href":"https:\/\/villasancarlos.club\/vsc\/wp-json\/wp\/v2\/tags?post=22722"}],"curies":[{"name":"wp","href":"https:\/\/api.w.org\/{rel}","templated":true}]}}