{"id":22213,"date":"2023-05-09T02:33:31","date_gmt":"2023-05-09T02:33:31","guid":{"rendered":"http:\/\/villasancarlos.club\/vsc\/?p=22213"},"modified":"2023-05-09T02:33:31","modified_gmt":"2023-05-09T02:33:31","slug":"nueva-jornada-para-el-basquet-villero","status":"publish","type":"post","link":"https:\/\/villasancarlos.club\/vsc\/2023\/05\/nueva-jornada-para-el-basquet-villero\/","title":{"rendered":"Nueva jornada para el b\u00e1squet &#8220;villero&#8221;"},"content":{"rendered":"\n<p>El fin de semana se disput\u00f3 una nueva fecha del b\u00e1squet formativo y de menores. El s\u00e1bado comenz\u00f3 con los encuentros de la tira B de las Formativas ante Reconquista. El Mini B &#8220;villero&#8221; se quedo con el duelo , mientras que la &#8220;R&#8221; obtuvo la victoria en U13. Luego sigui\u00f3 la actividad en Montevideo y 25 con la Tira A de Menores ante Meridiano V. La &#8220;Villa&#8221; gano en Cadetes y el &#8220;Quinto&#8221; lo hizo en Infantiles. El encuentro de Juveniles se reporgramo por la humedad que hab\u00eda sobre el parquet.<\/p>\n\n\n\n<p>El domingo en Berisso comenz\u00f3 la actividad con las Formativas A. Se completo en Pre Mini y se le gano a Meridiano V en Mini y U13. Por \u00faltimo se disputo ante Mayo el encuentro de Cadetes B. La visita se quedo con la victoria del \u00fanico encuentro de dicha tira.<\/p>\n","protected":false},"excerpt":{"rendered":"<p>El fin de semana se disput\u00f3 una nueva fecha del b\u00e1squet formativo y de menores. El s\u00e1bado comenz\u00f3 con los encuentros de la tira B de las Formativas ante Reconquista. El Mini B &#8220;villero&#8221; se quedo con el duelo , mientras que la &#8220;R&#8221; obtuvo la victoria en U13. Luego sigui\u00f3 la actividad en Montevideo [&#8230;]\n","protected":false},"author":1,"featured_media":22214,"comment_status":"open","ping_status":"open","sticky":false,"template":"","format":"standard","meta":{"footnotes":""},"categories":[33],"tags":[6],"class_list":["post-22213","post","type-post","status-publish","format-standard","has-post-thumbnail","hentry","category-basquet-juvenil","tag-basquet"],"_links":{"self":[{"href":"https:\/\/villasancarlos.club\/vsc\/wp-json\/wp\/v2\/posts\/22213","targetHints":{"allow":["GET"]}}],"collection":[{"href":"https:\/\/villasancarlos.club\/vsc\/wp-json\/wp\/v2\/posts"}],"about":[{"href":"https:\/\/villasancarlos.club\/vsc\/wp-json\/wp\/v2\/types\/post"}],"author":[{"embeddable":true,"href":"https:\/\/villasancarlos.club\/vsc\/wp-json\/wp\/v2\/users\/1"}],"replies":[{"embeddable":true,"href":"https:\/\/villasancarlos.club\/vsc\/wp-json\/wp\/v2\/comments?post=22213"}],"version-history":[{"count":1,"href":"https:\/\/villasancarlos.club\/vsc\/wp-json\/wp\/v2\/posts\/22213\/revisions"}],"predecessor-version":[{"id":22215,"href":"https:\/\/villasancarlos.club\/vsc\/wp-json\/wp\/v2\/posts\/22213\/revisions\/22215"}],"wp:featuredmedia":[{"embeddable":true,"href":"https:\/\/villasancarlos.club\/vsc\/wp-json\/wp\/v2\/media\/22214"}],"wp:attachment":[{"href":"https:\/\/villasancarlos.club\/vsc\/wp-json\/wp\/v2\/media?parent=22213"}],"wp:term":[{"taxonomy":"category","embeddable":true,"href":"https:\/\/villasancarlos.club\/vsc\/wp-json\/wp\/v2\/categories?post=22213"},{"taxonomy":"post_tag","embeddable":true,"href":"https:\/\/villasancarlos.club\/vsc\/wp-json\/wp\/v2\/tags?post=22213"}],"curies":[{"name":"wp","href":"https:\/\/api.w.org\/{rel}","templated":true}]}}