{"id":20955,"date":"2022-08-30T17:20:37","date_gmt":"2022-08-30T17:20:37","guid":{"rendered":"http:\/\/villasancarlos.club\/vsc\/?p=20955"},"modified":"2022-08-30T17:20:43","modified_gmt":"2022-08-30T17:20:43","slug":"noche-de-futbol-en-remedios-de-escalada","status":"publish","type":"post","link":"https:\/\/villasancarlos.club\/vsc\/2022\/08\/noche-de-futbol-en-remedios-de-escalada\/","title":{"rendered":"Noche de f\u00fatbol en Remedios de Escalada"},"content":{"rendered":"\n<h2 class=\"wp-block-heading\">Esta noche, desde las 21:10hs Villa San Carlos y Talleres (RE) cerrar\u00e1n la d\u00e9cimo segunda fecha del Torneo Clausura cuando se midan en el Pablo Comelli con el arbitraje de Javier Delbarba. El encuentro ir\u00e1 en directo por la se\u00f1al de Tyc Sports para todo el pa\u00eds.<\/h2>\n\n\n\n<p>Tras una semana con alivio tras lo que fue el triunfo del \u00faltimo s\u00e1bado frente a Defensores Unidos de Z\u00e1rate, el villero trabaj\u00f3 planificando este compromiso, donde buscar\u00e1 cortar una racha de 12 encuentros sin poder vencer al elenco de Escalada. Nunca lo hizo en el historial e intentar\u00e1 conseguir su primer triunfo.<\/p>\n\n\n\n<p>Para este duelo el entrenador no podr\u00e1 contar con la presencia de <strong>Alejandro Lugones<\/strong>, quien lleg\u00f3 a la quinta amarilla el \u00faltimo fin de semana ante el CADU y deber\u00e1 cumplir una fecha de suspensi\u00f3n. Por su parte <strong>Alexis Alegre<\/strong> a\u00fan adeuda un partido de las tres fechas de sanci\u00f3n.<\/p>\n\n\n\n<p>La buena noticia para <strong>Miguel Restelli<\/strong> ser\u00e1n las vueltas de tres jugadores que se recuperaron de respectivas lesiones. <strong>Nahuel Figueredo, Maximiliano Badell <\/strong>y<strong> Agust\u00edn Sienra<\/strong>. Quienes salen en su lugar ser\u00e1n <strong>Lautaro Cao<\/strong>, <strong>Octavio Padovani <\/strong>y <strong>Alejandro Lugones.<\/strong> <\/p>\n\n\n\n<figure class=\"wp-block-image size-large\"><img loading=\"lazy\" decoding=\"async\" width=\"1024\" height=\"1024\" src=\"https:\/\/villasancarlos.club\/vsc\/wp-content\/uploads\/2022\/08\/302236954_5437265323026866_3953522097927861960_n-1024x1024.jpg\" alt=\"\" class=\"wp-image-20957\" srcset=\"https:\/\/villasancarlos.club\/vsc\/wp-content\/uploads\/2022\/08\/302236954_5437265323026866_3953522097927861960_n-1024x1024.jpg 1024w, https:\/\/villasancarlos.club\/vsc\/wp-content\/uploads\/2022\/08\/302236954_5437265323026866_3953522097927861960_n-300x300.jpg 300w, https:\/\/villasancarlos.club\/vsc\/wp-content\/uploads\/2022\/08\/302236954_5437265323026866_3953522097927861960_n-100x100.jpg 100w, https:\/\/villasancarlos.club\/vsc\/wp-content\/uploads\/2022\/08\/302236954_5437265323026866_3953522097927861960_n-600x600.jpg 600w, https:\/\/villasancarlos.club\/vsc\/wp-content\/uploads\/2022\/08\/302236954_5437265323026866_3953522097927861960_n-150x150.jpg 150w, https:\/\/villasancarlos.club\/vsc\/wp-content\/uploads\/2022\/08\/302236954_5437265323026866_3953522097927861960_n-768x768.jpg 768w, https:\/\/villasancarlos.club\/vsc\/wp-content\/uploads\/2022\/08\/302236954_5437265323026866_3953522097927861960_n-1536x1536.jpg 1536w, https:\/\/villasancarlos.club\/vsc\/wp-content\/uploads\/2022\/08\/302236954_5437265323026866_3953522097927861960_n.jpg 1800w\" sizes=\"auto, (max-width: 1024px) 100vw, 1024px\" \/><figcaption class=\"wp-element-caption\"><strong>Los 18 citados para visitar a Talleres (RdE).<\/strong><\/figcaption><\/figure>\n\n\n\n<h2 class=\"has-text-align-center wp-block-heading\">EL RIVAL<\/h2>\n\n\n\n<figure class=\"wp-block-image aligncenter size-full\"><img loading=\"lazy\" decoding=\"async\" width=\"205\" height=\"241\" src=\"https:\/\/villasancarlos.club\/vsc\/wp-content\/uploads\/2022\/08\/TALLERES-RE.png\" alt=\"\" class=\"wp-image-20956\"\/><\/figure>\n\n\n\n<p>Por el lado del elenco de Remedios de Escalada, el conjunto que dirige Norberto D&#8217;angelo marcha tercero en la tabla de posiciones, a solo cuatro puntos del l\u00edder Deportivo Armenio, por lo que necesitar\u00e1 de un triunfo para arrimarse a la cima y quedar como escolta junto a Colegiales (22).<\/p>\n\n\n\n<p>En lo que va del certamen Talleres logr\u00f3 cinco triunfos, cuatro empates y solo dos derrotas. Suma 11 tantos en el actual torneo. Su m\u00e1ximo artillero contando el Apertura y Clausura es Lucas Far\u00edas, quien registra 11 conquistas.<\/p>\n\n\n\n<h2 class=\"has-text-align-center wp-block-heading\">EL \u00c1RBITRO: Javier Delbarba<\/h2>\n\n\n\n<p>Javier Delbarba ser\u00e1 el juez que imparta justicia esta noche en Remedios de Escalada. Est\u00e1 ser\u00e1 la sexta vez que dirija a Villa San Carlos, donde registra dos triunfos, dos derrotas y un empate.<\/p>\n\n\n\n<p>El \u00faltimo antecedente con Delbarba se remonta al \u00faltimo 30 de abril , donde fue derrota del villero 3 a 1 en Avellaneda frente a Dock Sud por la octava fecha del Torneo Apertura.<\/p>\n\n\n\n<h2 class=\"wp-block-heading\">CON AMBAS CAMISETAS<\/h2>\n\n\n\n<p>Alejandro Lugones, Alejandro Orfila, Maximiliano Badell, Alejandro G\u00f3mez y Pablo Bangardino.<\/p>\n\n\n\n<h2 class=\"wp-block-heading\">EL HISTORIAL <\/h2>\n\n\n\n<p>Un historial muy desfavorable para el villero frente a Talleres, donde en 12 encuentros nunca lo pudo vencer. Esta noche buscar\u00e1 cortar esa racha.<\/p>\n\n\n\n<p class=\"has-text-align-center\"><strong>Partidos jugados:<\/strong>\u00a012 (En 1ra B y C)<\/p>\n\n\n\n<p class=\"has-text-align-center\"><strong>Gan\u00f3 Villa San Carlos:<\/strong>\u00a00 (7 goles)<\/p>\n\n\n\n<p class=\"has-text-align-center\"><strong>Gan\u00f3 Talleres Re: <\/strong>\u00a09 (20 goles)<\/p>\n\n\n\n<p class=\"has-text-align-center\"><strong>Empates:\u00a0<\/strong>3<\/p>\n\n\n\n<p><strong>Primer enfrentamiento:<\/strong>\u00a0Torneo de Primera C &#8211; 1986 (04\/10\/1986)<\/p>\n\n\n\n<p>Talleres RE.2 (Sol\u00f3rzano X2) &#8211; <strong>Villa San Carlos.0<\/strong><\/p>\n\n\n\n<p>\u00daltimo enfrentamiento: Torneo Apertura 2022 &#8211; Primera B<\/p>\n\n\n\n<p><strong>Villa San Carlos.1 (Mat\u00edas Fern\u00e1ndez) <\/strong>&#8211; Talleres RE.1 (Lucas Far\u00edas)<\/p>\n\n\n\n<p><\/p>\n","protected":false},"excerpt":{"rendered":"<p>Esta noche, desde las 21:10hs Villa San Carlos y Talleres (RE) cerrar\u00e1n la d\u00e9cimo segunda fecha del Torneo Clausura cuando se midan en el Pablo Comelli con el arbitraje de Javier Delbarba. El encuentro ir\u00e1 en directo por la se\u00f1al de Tyc Sports para todo el pa\u00eds. Tras una semana con alivio tras lo que [&#8230;]\n","protected":false},"author":1,"featured_media":20959,"comment_status":"open","ping_status":"open","sticky":false,"template":"","format":"standard","meta":{"footnotes":""},"categories":[4],"tags":[67,5,144],"class_list":["post-20955","post","type-post","status-publish","format-standard","has-post-thumbnail","hentry","category-futbol-1ra-division","tag-1ra","tag-futbol-1ra-division","tag-talleres-re"],"_links":{"self":[{"href":"https:\/\/villasancarlos.club\/vsc\/wp-json\/wp\/v2\/posts\/20955","targetHints":{"allow":["GET"]}}],"collection":[{"href":"https:\/\/villasancarlos.club\/vsc\/wp-json\/wp\/v2\/posts"}],"about":[{"href":"https:\/\/villasancarlos.club\/vsc\/wp-json\/wp\/v2\/types\/post"}],"author":[{"embeddable":true,"href":"https:\/\/villasancarlos.club\/vsc\/wp-json\/wp\/v2\/users\/1"}],"replies":[{"embeddable":true,"href":"https:\/\/villasancarlos.club\/vsc\/wp-json\/wp\/v2\/comments?post=20955"}],"version-history":[{"count":1,"href":"https:\/\/villasancarlos.club\/vsc\/wp-json\/wp\/v2\/posts\/20955\/revisions"}],"predecessor-version":[{"id":20960,"href":"https:\/\/villasancarlos.club\/vsc\/wp-json\/wp\/v2\/posts\/20955\/revisions\/20960"}],"wp:featuredmedia":[{"embeddable":true,"href":"https:\/\/villasancarlos.club\/vsc\/wp-json\/wp\/v2\/media\/20959"}],"wp:attachment":[{"href":"https:\/\/villasancarlos.club\/vsc\/wp-json\/wp\/v2\/media?parent=20955"}],"wp:term":[{"taxonomy":"category","embeddable":true,"href":"https:\/\/villasancarlos.club\/vsc\/wp-json\/wp\/v2\/categories?post=20955"},{"taxonomy":"post_tag","embeddable":true,"href":"https:\/\/villasancarlos.club\/vsc\/wp-json\/wp\/v2\/tags?post=20955"}],"curies":[{"name":"wp","href":"https:\/\/api.w.org\/{rel}","templated":true}]}}