{"id":20888,"date":"2022-08-21T13:20:28","date_gmt":"2022-08-21T13:20:28","guid":{"rendered":"http:\/\/villasancarlos.club\/vsc\/?p=20888"},"modified":"2022-08-21T13:21:03","modified_gmt":"2022-08-21T13:21:03","slug":"amistoso-ante-brandsen","status":"publish","type":"post","link":"https:\/\/villasancarlos.club\/vsc\/2022\/08\/amistoso-ante-brandsen\/","title":{"rendered":"Amistoso ante Brandsen"},"content":{"rendered":"\n<p>Villa San Carlos sigue sumando minutos mientras espera el inicio del Torneo de Juveniles de la Liga Amateur Platense. Ayer se disput\u00f3 un nuevo amistoso en cancha de Asociaci\u00f3n Brandsen ante el &#8220;Coronel&#8221;. Estos fueron los resultados de la jornada:<\/p>\n\n\n\n<p>2005: Asociaci\u00f3n Brandsen 3 &#8211; <strong>Villa San Carlos 0<\/strong><\/p>\n\n\n\n<p>2006: Asociaci\u00f3n Brandsen 1 &#8211; <strong>Villa San Carlos 0<\/strong><\/p>\n\n\n\n<p>2007: Asociaci\u00f3n Brandsen 1 &#8211; <strong>Villa San Carlos 1 <\/strong>(Rodriguez)<\/p>\n\n\n\n<p>2008: Asociaci\u00f3n Brandsen 1 &#8211; <strong>Villa San Carlos 0<\/strong><\/p>\n\n\n\n<p>2009: Asociaci\u00f3n Brandsen 1 &#8211; <strong>Villa San Carlos <\/strong>2 (Maciel y Gonzalez)<\/p>\n\n\n\n<p>2010: Asociaci\u00f3n Brandsen 1 &#8211;<strong> Villa San Carlos 0<\/strong><\/p>\n","protected":false},"excerpt":{"rendered":"<p>Villa San Carlos sigue sumando minutos mientras espera el inicio del Torneo de Juveniles de la Liga Amateur Platense. Ayer se disput\u00f3 un nuevo amistoso en cancha de Asociaci\u00f3n Brandsen ante el &#8220;Coronel&#8221;. Estos fueron los resultados de la jornada: 2005: Asociaci\u00f3n Brandsen 3 &#8211; Villa San Carlos 0 2006: Asociaci\u00f3n Brandsen 1 &#8211; Villa [&#8230;]\n","protected":false},"author":1,"featured_media":20889,"comment_status":"open","ping_status":"open","sticky":false,"template":"","format":"standard","meta":{"footnotes":""},"categories":[22],"tags":[23],"class_list":["post-20888","post","type-post","status-publish","format-standard","has-post-thumbnail","hentry","category-futbol-juvenil","tag-futbol-juvenil"],"_links":{"self":[{"href":"https:\/\/villasancarlos.club\/vsc\/wp-json\/wp\/v2\/posts\/20888","targetHints":{"allow":["GET"]}}],"collection":[{"href":"https:\/\/villasancarlos.club\/vsc\/wp-json\/wp\/v2\/posts"}],"about":[{"href":"https:\/\/villasancarlos.club\/vsc\/wp-json\/wp\/v2\/types\/post"}],"author":[{"embeddable":true,"href":"https:\/\/villasancarlos.club\/vsc\/wp-json\/wp\/v2\/users\/1"}],"replies":[{"embeddable":true,"href":"https:\/\/villasancarlos.club\/vsc\/wp-json\/wp\/v2\/comments?post=20888"}],"version-history":[{"count":2,"href":"https:\/\/villasancarlos.club\/vsc\/wp-json\/wp\/v2\/posts\/20888\/revisions"}],"predecessor-version":[{"id":20891,"href":"https:\/\/villasancarlos.club\/vsc\/wp-json\/wp\/v2\/posts\/20888\/revisions\/20891"}],"wp:featuredmedia":[{"embeddable":true,"href":"https:\/\/villasancarlos.club\/vsc\/wp-json\/wp\/v2\/media\/20889"}],"wp:attachment":[{"href":"https:\/\/villasancarlos.club\/vsc\/wp-json\/wp\/v2\/media?parent=20888"}],"wp:term":[{"taxonomy":"category","embeddable":true,"href":"https:\/\/villasancarlos.club\/vsc\/wp-json\/wp\/v2\/categories?post=20888"},{"taxonomy":"post_tag","embeddable":true,"href":"https:\/\/villasancarlos.club\/vsc\/wp-json\/wp\/v2\/tags?post=20888"}],"curies":[{"name":"wp","href":"https:\/\/api.w.org\/{rel}","templated":true}]}}